{"id":151637,"date":"2025-05-30T13:46:18","date_gmt":"2025-05-30T13:46:18","guid":{"rendered":"https:\/\/www.europesays.com\/de\/151637\/"},"modified":"2025-05-30T13:46:18","modified_gmt":"2025-05-30T13:46:18","slug":"schlagerstar-postet-fotos-mit-seinen-enkelkindern","status":"publish","type":"post","link":"https:\/\/www.europesays.com\/de\/151637\/","title":{"rendered":"Schlagerstar postet Fotos mit seinen Enkelkindern"},"content":{"rendered":"<p>Seltener Einblick ins Familienleben <\/p>\n<p>Roland Kaiser ver\u00f6ffentlicht Fotos mit seinen Enkelkindern<\/p>\n<p>30.05.2025 &#8211; 13:58 UhrLesedauer: 1 Min.<\/p>\n<p><a href=\"#focus-0\" class=\"transition-colors duration-200 focus-within:text-magenta block text-current relative\" data-sctrack=\"FocusGalleryImage.Reference\"><img fetchpriority=\"high\" data-testid=\"Opener.Image\" style=\"--lqipURL:url('https:\/\/images.t-online.de\/2025\/05\/c2IBdafCtpQX\/1081x224:2707x1523\/fit-in\/150x0\/filters:blur(25)\/roland-kaiser-seine-enkelkinder-besuchten-den-schlagerstar-kuerzlich-auf-einem-seiner-konzerte.jpg')\"   loading=\"eager\" src=\"https:\/\/www.europesays.com\/de\/wp-content\/uploads\/2025\/05\/roland-kaiser-seine-enkelkinder-besuchten-den-schlagerstar-kuerzlich-auf-einem-seiner-konzerte.jpg\" alt=\"imago images 0816451914\" title=\"imago images 0816451914\" width=\"2707\" height=\"1523\" class=\"bg-[url:var(--lqipURL)] bg-cover bg-center flex w-full max-w-full h-full\" decoding=\"async\"\/><img style=\"--width:32;--height:32\" loading=\"lazy\" src=\"https:\/\/www.europesays.com\/de\/wp-content\/uploads\/2025\/05\/zoom-in.f7dae02f.svg.svg+xml\" alt=\"Vergr\u00f6\u00dfern des Bildes\" title=\"Vergr\u00f6\u00dfern des Bildes\" class=\"&#10;        block&#10;        h-[calc(var(--height)_\/_16_*_1rem)]&#10;        w-[calc(var(--width)_\/_16_*_1rem)]&#10;        max-w-none&#10;        absolute bottom-8 right-8 rounded-4 bg-snow p-8\" decoding=\"async\"\/><\/a><\/p>\n<p>Roland Kaiser: Seine Enkelkinder besuchten den Schlagerstar k\u00fcrzlich auf einem seiner Konzerte. (Quelle: IMAGO)<\/p>\n<p class=\"font-bold text-18 leading-17\">Roland Kaiser als Opa: In den sozialen Medien teilt der Schlagerstar Einblicke vom Konzertbesuch seiner Enkelkinder hinter der B\u00fchne.<\/p>\n<p class=\"text-18 leading-17\">Auf diesem \u00f6ffentlichen Foto h\u00e4lt <a class=\"transition-colors duration-200 cursor-pointer text-inherit no-underline text-salemsfur md:hover:text-magenta md:hover:border-magenta md:focus:text-magenta border-current border-b border-solid break-words\" href=\"https:\/\/www.t-online.de\/themen\/roland-kaiser\/\" data-sctrack=\"BodyAnchor\" target=\"_blank\" rel=\"noopener\">Roland Kaiser<\/a> ausnahmsweise mal kein Mikrofon in der Hand, sondern seinen Enkelsohn. Der Schlagers\u00e4nger hat mehrere Bilder mit seinen Enkelkindern auf Instagram gepostet. Familienbesuch erhielt der 73-J\u00e4hrige k\u00fcrzlich auf seinem Konzert in <a class=\"transition-colors duration-200 cursor-pointer text-inherit no-underline text-salemsfur md:hover:text-magenta md:hover:border-magenta md:focus:text-magenta border-current border-b border-solid break-words\" href=\"https:\/\/www.t-online.de\/themen\/oberhausen\/\" data-sctrack=\"BodyAnchor\" target=\"_blank\" rel=\"noopener\">Oberhausen<\/a>.<\/p>\n<p class=\"text-18 leading-17\">So durften sein Enkelsohn Mats und seine Enkeltochter Mia sowohl bei Kaisers Auftritt zusehen als auch hinter die Kulissen seines Konzerts blicken. Unter dem Beitrag schrieb Kaiser: &#8222;Zu Besuch bei Opa in Oberhausen&#8220;.<\/p>\n<p class=\"text-18 leading-17\">Auf dem ersten Foto sieht man Kaiser Hand in Hand mit Mats durch die Katakomben des Konzertsaals laufen. Auf dem zweiten Bild sitzen Mats und Mia mit gro\u00dfen Kopfh\u00f6rern am Regie- und Tonpult der Location. Das dritte Foto zeigt die beiden auf St\u00fchlen sitzend, mit bestem Blick auf die B\u00fchne \u2013 vermutlich, um bei den Proben zuzuh\u00f6ren.<\/p>\n<p class=\"text-18 leading-17\">Normalerweise h\u00e4lt Kaiser sein Privatleben weitgehend geheim. Bekannt ist aber, dass Tochter Annalena gemeinsam mit ihrem Vater dessen K\u00fcnstlermanagement &#8222;Kaiser &amp; Kaiser&#8220; leitet. Dort unter Vertrag stehen unter anderem die K\u00fcnstler Sarah Zucker und Daniel Sommer.<\/p>\n","protected":false},"excerpt":{"rendered":"Seltener Einblick ins Familienleben Roland Kaiser ver\u00f6ffentlicht Fotos mit seinen Enkelkindern 30.05.2025 &#8211; 13:58 UhrLesedauer: 1 Min. Roland&hellip;\n","protected":false},"author":2,"featured_media":151638,"comment_status":"","ping_status":"","sticky":false,"template":"","format":"standard","meta":{"footnotes":""},"categories":[155],"tags":[29,9358,53872,214,4480,30,10767,215],"class_list":{"0":"post-151637","1":"post","2":"type-post","3":"status-publish","4":"format-standard","5":"has-post-thumbnail","7":"category-unterhaltung","8":"tag-deutschland","9":"tag-einblick","10":"tag-enkelkind","11":"tag-entertainment","12":"tag-familienleben","13":"tag-germany","14":"tag-roland-kaiser","15":"tag-unterhaltung"},"share_on_mastodon":{"url":"https:\/\/pubeurope.com\/@de\/114597093957748237","error":""},"_links":{"self":[{"href":"https:\/\/www.europesays.com\/de\/wp-json\/wp\/v2\/posts\/151637","targetHints":{"allow":["GET"]}}],"collection":[{"href":"https:\/\/www.europesays.com\/de\/wp-json\/wp\/v2\/posts"}],"about":[{"href":"https:\/\/www.europesays.com\/de\/wp-json\/wp\/v2\/types\/post"}],"author":[{"embeddable":true,"href":"https:\/\/www.europesays.com\/de\/wp-json\/wp\/v2\/users\/2"}],"replies":[{"embeddable":true,"href":"https:\/\/www.europesays.com\/de\/wp-json\/wp\/v2\/comments?post=151637"}],"version-history":[{"count":0,"href":"https:\/\/www.europesays.com\/de\/wp-json\/wp\/v2\/posts\/151637\/revisions"}],"wp:featuredmedia":[{"embeddable":true,"href":"https:\/\/www.europesays.com\/de\/wp-json\/wp\/v2\/media\/151638"}],"wp:attachment":[{"href":"https:\/\/www.europesays.com\/de\/wp-json\/wp\/v2\/media?parent=151637"}],"wp:term":[{"taxonomy":"category","embeddable":true,"href":"https:\/\/www.europesays.com\/de\/wp-json\/wp\/v2\/categories?post=151637"},{"taxonomy":"post_tag","embeddable":true,"href":"https:\/\/www.europesays.com\/de\/wp-json\/wp\/v2\/tags?post=151637"}],"curies":[{"name":"wp","href":"https:\/\/api.w.org\/{rel}","templated":true}]}}