{"id":151649,"date":"2025-05-30T13:52:10","date_gmt":"2025-05-30T13:52:10","guid":{"rendered":"https:\/\/www.europesays.com\/de\/151649\/"},"modified":"2025-05-30T13:52:10","modified_gmt":"2025-05-30T13:52:10","slug":"sonntag-ist-feiertag-fuer-den-bergischen-hc-in-der-ausverkauften-uni-halle","status":"publish","type":"post","link":"https:\/\/www.europesays.com\/de\/151649\/","title":{"rendered":"Sonntag ist Feiertag f\u00fcr den Bergischen HC in der ausverkauften Uni-Halle"},"content":{"rendered":"<p class=\"text_ohne_einzug richtext text-em-55 !leading-serif mx-6 desktop:mx-0\">Eigentlich vergibt die Liga die Meisterschale nach dem Schlusspfiff am letzten Spieltag. Doch der Bergische HC steht nun schon so lange als Meister der 2. Handball-Bundesliga fest, dass eine Plan\u00e4nderung m\u00f6glich war. So bekommen die L\u00f6wen ihre Troph\u00e4e im Rahmen des letzten Heimspiels gegen Eintracht Hagen am Sonntag in der Uni-Halle (Anwurf 17 Uhr) anstatt zum finalen Termin in Dessau-Ro\u00dflau eine Woche sp\u00e4ter.<\/p>\n","protected":false},"excerpt":{"rendered":"Eigentlich vergibt die Liga die Meisterschale nach dem Schlusspfiff am letzten Spieltag. Doch der Bergische HC steht nun&hellip;\n","protected":false},"author":2,"featured_media":151650,"comment_status":"","ping_status":"","sticky":false,"template":"","format":"standard","meta":{"footnotes":""},"categories":[1860],"tags":[11621,4152,9500,3364,29,13053,548,663,3934,30,53876,20442,4062,17332,1391,13,10053,2858,21674,34123,14,15,17331,860,48523,12],"class_list":{"0":"post-151649","1":"post","2":"type-post","3":"status-publish","4":"format-standard","5":"has-post-thumbnail","7":"category-halle-saale","8":"tag-uni","9":"tag-acht","10":"tag-bhc","11":"tag-de","12":"tag-deutschland","13":"tag-eintracht","14":"tag-eu","15":"tag-europa","16":"tag-europe","17":"tag-germany","18":"tag-gunnarsson","19":"tag-hagen","20":"tag-halle","21":"tag-halle-saale","22":"tag-handball","23":"tag-headlines","24":"tag-loewen","25":"tag-luebeck","26":"tag-meister","27":"tag-meisterschale","28":"tag-nachrichten","29":"tag-news","30":"tag-saale","31":"tag-sachsen-anhalt","32":"tag-schale","33":"tag-schlagzeilen"},"share_on_mastodon":{"url":"https:\/\/pubeurope.com\/@de\/114597117481376038","error":""},"_links":{"self":[{"href":"https:\/\/www.europesays.com\/de\/wp-json\/wp\/v2\/posts\/151649","targetHints":{"allow":["GET"]}}],"collection":[{"href":"https:\/\/www.europesays.com\/de\/wp-json\/wp\/v2\/posts"}],"about":[{"href":"https:\/\/www.europesays.com\/de\/wp-json\/wp\/v2\/types\/post"}],"author":[{"embeddable":true,"href":"https:\/\/www.europesays.com\/de\/wp-json\/wp\/v2\/users\/2"}],"replies":[{"embeddable":true,"href":"https:\/\/www.europesays.com\/de\/wp-json\/wp\/v2\/comments?post=151649"}],"version-history":[{"count":0,"href":"https:\/\/www.europesays.com\/de\/wp-json\/wp\/v2\/posts\/151649\/revisions"}],"wp:featuredmedia":[{"embeddable":true,"href":"https:\/\/www.europesays.com\/de\/wp-json\/wp\/v2\/media\/151650"}],"wp:attachment":[{"href":"https:\/\/www.europesays.com\/de\/wp-json\/wp\/v2\/media?parent=151649"}],"wp:term":[{"taxonomy":"category","embeddable":true,"href":"https:\/\/www.europesays.com\/de\/wp-json\/wp\/v2\/categories?post=151649"},{"taxonomy":"post_tag","embeddable":true,"href":"https:\/\/www.europesays.com\/de\/wp-json\/wp\/v2\/tags?post=151649"}],"curies":[{"name":"wp","href":"https:\/\/api.w.org\/{rel}","templated":true}]}}