{"id":15165,"date":"2025-04-08T08:29:08","date_gmt":"2025-04-08T08:29:08","guid":{"rendered":"https:\/\/www.europesays.com\/de\/15165\/"},"modified":"2025-04-08T08:29:08","modified_gmt":"2025-04-08T08:29:08","slug":"pol-of-fahndungserfolg-nach-gewalttaetigkeiten-in-der-silvesternacht-zehn","status":"publish","type":"post","link":"https:\/\/www.europesays.com\/de\/15165\/","title":{"rendered":"POL-OF: Fahndungserfolg nach Gewaltt\u00e4tigkeiten in der Silvesternacht: Zehn &#8230;"},"content":{"rendered":"<p class=\"date\">08.04.2025 \u2013 06:40<\/p>\n<p class=\"customer\">\n                        <a class=\"story-customer\" title=\"weiter zum newsroom von Polizeipr\u00e4sidium S\u00fcdosthessen\" href=\"https:\/\/www.presseportal.de\/blaulicht\/nr\/43561\" rel=\"nofollow noopener\" target=\"_blank\">Polizeipr\u00e4sidium S\u00fcdosthessen<\/a>\n                    <\/p>\n<p><a data-category=\"citylink-story-view\" data-action=\"click\" data-label=\"Citylink in Meldungsansicht\" class=\"story-city event-trigger\" href=\"https:\/\/www.presseportal.de\/regional\/Obertshausen\" title=\"News aus Obertshausen \" rel=\"nofollow noopener\" target=\"_blank\">Obertshausen<\/a> (ots)<\/p>\n<p>Gemeinsame Pressemitteilung der Staatsanwaltschaft Darmstadt &#8211; Zweigstelle Offenbach &#8211; und des Polizeipr\u00e4sidiums S\u00fcdosthessen<\/p>\n<p>(lei) Nach Gewaltt\u00e4tigkeiten zum Jahreswechsel 2024\/2025 im Bereich der Sch\u00f6nbornstra\u00dfe, bei dem Unbekannte erhebliche Sachsch\u00e4den verursacht hatten (wir berichteten: <a target=\"_blank\" class=\"uri-ext outbound\" rel=\"noopener nofollow\" href=\"https:\/\/www.presseportal.de\/blaulicht\/pm\/43561\/5940887\">https:\/\/www.presseportal.de\/blaulicht\/pm\/43561\/5940887<\/a>, <a target=\"_blank\" class=\"uri-ext outbound\" rel=\"noopener nofollow\" href=\"https:\/\/www.presseportal.de\/blaulicht\/pm\/43561\/5941814\">https:\/\/www.presseportal.de\/blaulicht\/pm\/43561\/5941814<\/a>), k\u00f6nnen Staatsanwaltschaft und Polizei nun einen Fahndungserfolg vermelden. Die Beamten konnten bis dato zehn Tatverd\u00e4chtige identifizieren, denen schwerer Landfriedensbruch vorgeworfen wird.<\/p>\n<p>Ausgangspunkt des Verfahrenskomplexes waren mehrere, aus einer Gruppe von bis zu 50 Personen heraus in dem Bereich begangene Handlungen in der Silvesternacht. Unter anderem wurde eine Kette aus Einkaufsw\u00e4gen, die offenbar von einem angrenzenden Einkaufsmarkt stammten, auf der Stra\u00dfe errichtet. Kurz darauf waren dort auch die Verglasungen zweier Bushaltestellen zertr\u00fcmmert und eine Ampelanlage besch\u00e4digt worden. Beim Eintreffen der Polizei flogen zudem Steine und Feuerwerksraketen in deren Richtung und zum Teil auch in Richtung von Passanten. Gleichwohl niemand verletzt wurde, entstand ein Gesamtschaden von rund 23.000 Euro.<\/p>\n<p>Zur Aufhellung der Geschehnisse und Identifizierung von Tatverd\u00e4chtigen hatte die Polizei unmittelbar nach den Geschehnissen die Arbeitsgruppe &#8222;Platz&#8220; eingerichtet, der es anhand akribischer Ermittlungsarbeit zwischenzeitlich gelungen ist, zehn Beschuldigte zu identifizieren. Es handelt sich allesamt um junge M\u00e4nner im Alter von 18 bis 23 Jahren, die einen Bezug nach Obertshausen haben.<\/p>\n<p>Auf die Spur kamen die Ermittler ihnen insbesondere anhand zahlreicher Vernehmungen von Zeugen sowie der Auswertung von Videoaufnahmen. Die zusammengetragenen Ergebnisse m\u00fcndeten bereits Mitte M\u00e4rz in die Vollstreckung mehrerer Durchsuchungsbeschl\u00fcsse, die von der Staatsanwaltschaft Darmstadt &#8211; Zweigstelle Offenbach &#8211; erwirkt wurden und die unter anderem zur Sicherstellung mutma\u00dflicher Tatkleidung und zahlreicher Mobiltelefone f\u00fchrten. Ein Teil der Tatverd\u00e4chtigen wurde in dem Zusammenhang etwa aufgrund erkennungsdienstlicher Ma\u00dfnahmen zudem vorl\u00e4ufig festgenommen.<\/p>\n<p>Die weiteren Ermittlungen dauern an.<\/p>\n<p>Offenbach, 08.04.2025, Pressestelle, Felix Geis<\/p>\n<p class=\"contact-headline\">R\u00fcckfragen bitte an:<\/p>\n<p class=\"contact-text\">Polizeipr\u00e4sidium S\u00fcdosthessen<br \/>&#8211; Pressestelle &#8211;<br \/>Spessartring 61<br \/>63071 Offenbach am Main<\/p>\n<p>Telefon: 069 \/ 8098 &#8211; 1210 (Sammelrufnummer)<\/p>\n<p>Thomas Leipold (lei) &#8211; 1201 oder 0160 \/ 980 00745<br \/>Felix Geis (fg) &#8211; 1211 oder 0162 \/ 201 3806<br \/>Claudia Benneckenstein (cb) &#8211; 1212 oder 0152 \/ 066 23109<br \/>Alexander Schl\u00fcter (as) &#8211; 1223 oder 0162 \/ 201 3290<\/p>\n<p>Fax: 0611 \/ 32766-5014<br \/>E-Mail: <a href=\"https:\/\/www.presseportal.de\/blaulicht\/pm\/43561\/mailto: pressestelle.ppsoh@polizei.hessen.de\" class=\"uri-mailto\" rel=\"nofollow noopener\" target=\"_blank\"> pressestelle.ppsoh@polizei.hessen.de<\/a><br \/>Homepage: <a target=\"_blank\" class=\"uri-ext outbound\" rel=\"noopener nofollow\" href=\"http:\/\/www.polizei.hessen.de\/ppsoh\">http:\/\/www.polizei.hessen.de\/ppsoh<\/a><\/p>\n<p class=\"originator\">Original-Content von: Polizeipr\u00e4sidium S\u00fcdosthessen, \u00fcbermittelt durch news aktuell<\/p>\n","protected":false},"excerpt":{"rendered":"08.04.2025 \u2013 06:40 Polizeipr\u00e4sidium S\u00fcdosthessen Obertshausen (ots) Gemeinsame Pressemitteilung der Staatsanwaltschaft Darmstadt &#8211; Zweigstelle Offenbach &#8211; und des&hellip;\n","protected":false},"author":2,"featured_media":108,"comment_status":"","ping_status":"","sticky":false,"template":"","format":"standard","meta":{"footnotes":""},"categories":[1829],"tags":[29,2050,2051,30,1087,2052,177,121,178,180,179,181],"class_list":{"0":"post-15165","1":"post","2":"type-post","3":"status-publish","4":"format-standard","5":"has-post-thumbnail","7":"category-frankfurt-am-main","8":"tag-deutschland","9":"tag-frankfurt","10":"tag-frankfurt-am-main","11":"tag-germany","12":"tag-he","13":"tag-hessen","14":"tag-kriminalitt","15":"tag-polizei","16":"tag-presse","17":"tag-pressemeldung","18":"tag-pressemitteilung","19":"tag-pressemitteilungen"},"share_on_mastodon":{"url":"https:\/\/pubeurope.com\/@de\/114301407308378853","error":""},"_links":{"self":[{"href":"https:\/\/www.europesays.com\/de\/wp-json\/wp\/v2\/posts\/15165","targetHints":{"allow":["GET"]}}],"collection":[{"href":"https:\/\/www.europesays.com\/de\/wp-json\/wp\/v2\/posts"}],"about":[{"href":"https:\/\/www.europesays.com\/de\/wp-json\/wp\/v2\/types\/post"}],"author":[{"embeddable":true,"href":"https:\/\/www.europesays.com\/de\/wp-json\/wp\/v2\/users\/2"}],"replies":[{"embeddable":true,"href":"https:\/\/www.europesays.com\/de\/wp-json\/wp\/v2\/comments?post=15165"}],"version-history":[{"count":0,"href":"https:\/\/www.europesays.com\/de\/wp-json\/wp\/v2\/posts\/15165\/revisions"}],"wp:featuredmedia":[{"embeddable":true,"href":"https:\/\/www.europesays.com\/de\/wp-json\/wp\/v2\/media\/108"}],"wp:attachment":[{"href":"https:\/\/www.europesays.com\/de\/wp-json\/wp\/v2\/media?parent=15165"}],"wp:term":[{"taxonomy":"category","embeddable":true,"href":"https:\/\/www.europesays.com\/de\/wp-json\/wp\/v2\/categories?post=15165"},{"taxonomy":"post_tag","embeddable":true,"href":"https:\/\/www.europesays.com\/de\/wp-json\/wp\/v2\/tags?post=15165"}],"curies":[{"name":"wp","href":"https:\/\/api.w.org\/{rel}","templated":true}]}}