{"id":151657,"date":"2025-05-30T13:56:13","date_gmt":"2025-05-30T13:56:13","guid":{"rendered":"https:\/\/www.europesays.com\/de\/151657\/"},"modified":"2025-05-30T13:56:13","modified_gmt":"2025-05-30T13:56:13","slug":"angebot-lockt-an-die-ostsee-fuer-kinder-und-jugendliche","status":"publish","type":"post","link":"https:\/\/www.europesays.com\/de\/151657\/","title":{"rendered":"Angebot lockt an die Ostsee \u2013 f\u00fcr Kinder und Jugendliche"},"content":{"rendered":"<p>Trip f\u00fcr Braunschweiger <\/p>\n<p>Besonderes Angebot lockt Kinder und Jugendliche an die Ostsee<\/p>\n<p>30.05.2025 &#8211; 15:54 UhrLesedauer: 1 Min.<\/p>\n<p><a href=\"#focus-0\" class=\"transition-colors duration-200 focus-within:text-magenta block text-current relative\" data-sctrack=\"FocusGalleryImage.Reference\"><img fetchpriority=\"high\" data-testid=\"Opener.Image\" style=\"--lqipURL:url('https:\/\/images.t-online.de\/2025\/03\/qwbsj9uv7I7O\/0x167:3200x1800\/fit-in\/150x0\/filters:blur(25)\/groemitz-germany-05-april-2023-on-the-beach-of-groemitz-in-northern-germany-in-sunny-weather.jpg')\"   loading=\"eager\" src=\"https:\/\/www.europesays.com\/de\/wp-content\/uploads\/2025\/05\/groemitz-germany-05-april-2023-on-the-beach-of-groemitz-in-northern-germany-in-sunny-weather.jpg\" alt=\"Groemitz, Germany - 05. April 2023: On the beach of Groemitz in northern Germany in sunny weather.\" title=\"Groemitz, Germany - 05. April 2023: On the beach of Groemitz in northern Germany in sunny weather.\" width=\"3200\" height=\"1800\" class=\"bg-[url:var(--lqipURL)] bg-cover bg-center flex w-full max-w-full h-full\" decoding=\"async\"\/><img style=\"--width:32;--height:32\" loading=\"lazy\" src=\"https:\/\/www.europesays.com\/de\/wp-content\/uploads\/2025\/05\/zoom-in.f7dae02f.svg.svg+xml\" alt=\"Vergr\u00f6\u00dfern des Bildes\" title=\"Vergr\u00f6\u00dfern des Bildes\" class=\"&#10;        block&#10;        h-[calc(var(--height)_\/_16_*_1rem)]&#10;        w-[calc(var(--width)_\/_16_*_1rem)]&#10;        max-w-none&#10;        absolute bottom-8 right-8 rounded-4 bg-snow p-8\" decoding=\"async\"\/><\/a><\/p>\n<p>Strandk\u00f6rbe an der Ostsee (Symbolfoto): F\u00fcr Kinder und Jugendliche aus Braunschweig hat die Stadt ein besonderes Angebot. (Quelle: MP_foto71 via imago-images.de\/imago)<\/p>\n<p class=\"font-bold text-18 leading-17\"><strong class=\"font-bold\">Zwei Wochen Action, Strand und Ausfl\u00fcge \u2013 die Jugendf\u00f6rderung Braunschweig organisiert auch 2025 eine Sommerfreizeit in Lenste f\u00fcr Kinder und Jugendliche.<\/strong><\/p>\n<p class=\"text-18 leading-17\">Ab Samstag, 26. Juli, geht es f\u00fcr Kinder und Jugendliche aus <a class=\"transition-colors duration-200 cursor-pointer text-inherit no-underline text-salemsfur md:hover:text-magenta md:hover:border-magenta md:focus:text-magenta border-current border-b border-solid break-words\" href=\"https:\/\/www.t-online.de\/themen\/braunschweig\/\" data-sctrack=\"BodyAnchor\" rel=\"nofollow noopener\" target=\"_blank\">Braunschweig<\/a> wieder an die <a class=\"transition-colors duration-200 cursor-pointer text-inherit no-underline text-salemsfur md:hover:text-magenta md:hover:border-magenta md:focus:text-magenta border-current border-b border-solid break-words\" href=\"https:\/\/www.t-online.de\/themen\/ostsee\/\" data-sctrack=\"BodyAnchor\" rel=\"nofollow noopener\" target=\"_blank\">Ostsee<\/a>. Im Rahmen des Programms &#8222;Ferien au\u00dferhalb Braunschweigs&#8220; (FaBS) veranstaltet die Jugendf\u00f6rderung der Stadt eine zweiw\u00f6chige Sommerfreizeit in Lenste bei Gr\u00f6mitz \u2013 ganz ohne Eltern, aber mit viel Spiel, Spa\u00df und neuen Freundschaften.<\/p>\n<p class=\"text-18 leading-17\">Die Freizeit richtet sich an Sieben- bis 16-J\u00e4hrige und bietet ein abwechslungsreiches Programm: Von kreativen Angeboten \u00fcber sportliche Aktivit\u00e4ten bis hin zu spannenden Ausfl\u00fcgen ist alles dabei. Ein besonderes Highlight ist der Besuch im Freizeitpark Hansa-Park \u2013 der Eintritt ist in diesem Jahr bereits im Teilnahmebeitrag enthalten. Auch ein Abstecher zu den Karl-May-Festspielen ist geplant.<\/p>\n<p class=\"text-18 leading-17\">Der Teilnahmebeitrag liegt bei 400 Euro, mit Braunschweig-Pass reduziert sich der Preis auf 250 Euro. F\u00fcr Geschwister gibt es Erm\u00e4\u00dfigungen: Das erste Geschwisterkind zahlt nur die H\u00e4lfte, jedes weitere f\u00e4hrt kostenlos mit. Zudem kann der Betrag in bis zu vier Raten gezahlt werden.<\/p>\n<p class=\"text-18 leading-17\">Die Reise findet vom 26. Juli bis zum 9. August 2025 statt. Alle weiteren Infos zur Anmeldung gibt es direkt bei der Jugendf\u00f6rderung der Stadt Braunschweig. Anmelden k\u00f6nnen sich Interessierte \u00fcber die Internetseite der Stadt, per Telefon unter der Nummer 0531\/470-8524 oder per E-Mail an fabs@braunschweig.de<\/p>\n","protected":false},"excerpt":{"rendered":"Trip f\u00fcr Braunschweiger Besonderes Angebot lockt Kinder und Jugendliche an die Ostsee 30.05.2025 &#8211; 15:54 UhrLesedauer: 1 Min.&hellip;\n","protected":false},"author":2,"featured_media":151658,"comment_status":"","ping_status":"","sticky":false,"template":"","format":"standard","meta":{"footnotes":""},"categories":[1850],"tags":[6429,3364,29,548,663,3934,30,53885,13,53882,6040,53884,14,15,1411,2852,12,53883,32905],"class_list":{"0":"post-151657","1":"post","2":"type-post","3":"status-publish","4":"format-standard","5":"has-post-thumbnail","7":"category-braunschweig","8":"tag-braunschweig","9":"tag-de","10":"tag-deutschland","11":"tag-eu","12":"tag-europa","13":"tag-europe","14":"tag-germany","15":"tag-groemitz","16":"tag-headlines","17":"tag-jugendfoerderung","18":"tag-kinder-und-jugendliche","19":"tag-lenste","20":"tag-nachrichten","21":"tag-news","22":"tag-niedersachsen","23":"tag-ostsee","24":"tag-schlagzeilen","25":"tag-sommerfreizeit","26":"tag-strandkorb"},"share_on_mastodon":{"url":"https:\/\/pubeurope.com\/@de\/114597133302384891","error":""},"_links":{"self":[{"href":"https:\/\/www.europesays.com\/de\/wp-json\/wp\/v2\/posts\/151657","targetHints":{"allow":["GET"]}}],"collection":[{"href":"https:\/\/www.europesays.com\/de\/wp-json\/wp\/v2\/posts"}],"about":[{"href":"https:\/\/www.europesays.com\/de\/wp-json\/wp\/v2\/types\/post"}],"author":[{"embeddable":true,"href":"https:\/\/www.europesays.com\/de\/wp-json\/wp\/v2\/users\/2"}],"replies":[{"embeddable":true,"href":"https:\/\/www.europesays.com\/de\/wp-json\/wp\/v2\/comments?post=151657"}],"version-history":[{"count":0,"href":"https:\/\/www.europesays.com\/de\/wp-json\/wp\/v2\/posts\/151657\/revisions"}],"wp:featuredmedia":[{"embeddable":true,"href":"https:\/\/www.europesays.com\/de\/wp-json\/wp\/v2\/media\/151658"}],"wp:attachment":[{"href":"https:\/\/www.europesays.com\/de\/wp-json\/wp\/v2\/media?parent=151657"}],"wp:term":[{"taxonomy":"category","embeddable":true,"href":"https:\/\/www.europesays.com\/de\/wp-json\/wp\/v2\/categories?post=151657"},{"taxonomy":"post_tag","embeddable":true,"href":"https:\/\/www.europesays.com\/de\/wp-json\/wp\/v2\/tags?post=151657"}],"curies":[{"name":"wp","href":"https:\/\/api.w.org\/{rel}","templated":true}]}}