{"id":151659,"date":"2025-05-30T13:57:09","date_gmt":"2025-05-30T13:57:09","guid":{"rendered":"https:\/\/www.europesays.com\/de\/151659\/"},"modified":"2025-05-30T13:57:09","modified_gmt":"2025-05-30T13:57:09","slug":"einbrueche-in-kita-seniorenheim-und-privatwohnung","status":"publish","type":"post","link":"https:\/\/www.europesays.com\/de\/151659\/","title":{"rendered":"Einbr\u00fcche in Kita, Seniorenheim und Privatwohnung"},"content":{"rendered":"<p class=\"text_ohne_einzug richtext text-em-55 !leading-serif mx-6 desktop:mx-0\">  Der Polizei sind am Mittwoch, 28. Mai, sowie an <a href=\"https:\/\/rp-online.de\/thema\/christi-himmelfahrt\/\" rel=\"nofollow noopener\" target=\"_blank\">Christi Himmelfahrt<\/a> drei Einbr\u00fcche im Stadtgebiet gemeldet worden. Betroffen waren ein Seniorenheim, eine <a href=\"https:\/\/rp-online.de\/thema\/kita\/\" rel=\"nofollow noopener\" target=\"_blank\">Kita<\/a> und eine Privatwohnung.<\/p>\n<p class=\"richtext text-em-55 !leading-serif mx-6 desktop:mx-0\">Am Mittwochmorgen fiel Angestellten eines Seniorenheims in M\u00fclfort auf, dass sich Unbekannte im Laufe der Nacht \u2013 vermutlich zwischen 21 Uhr am Vortag und 6.45 Uhr \u2013 gewaltsam Zugang zum Geb\u00e4ude verschafft hatten. Dort besch\u00e4digten sie einen Kaffeeautomaten und entwendeten eine Kassette mit M\u00fcnzgeld aus dem Ger\u00e4t.<\/p>\n<p class=\"richtext text-em-55 !leading-serif mx-6 desktop:mx-0\">An Christi Himmelfahrt begab sich ein Team der Kriminalpolizei gegen 16.15 Uhr zun\u00e4chst zu einem Geb\u00e4ude in Odenkirchen, in dem sich sowohl Privatwohnungen als auch ein B\u00fcro befinden. Anwohner dieses Komplexes an der Ruhrfelder Stra\u00dfe hatten zwischen 12 und 13 Uhr eine verd\u00e4chtige Person bemerkt, die an T\u00fcren klopfte. Gegen 15 Uhr stellten sie fest, dass sich jemand Zugang zu einer Wohnung verschafft, dort eine Brieftasche entwendet und zudem augenscheinlich versucht hatte, auch in das B\u00fcro einzudringen. Dies misslang jedoch.<\/p>\n<p class=\"richtext text-em-55 !leading-serif mx-6 desktop:mx-0\">Bei der verd\u00e4chtigen Person handelt es sich um einen Mann, der zwischen 35 und 45 Jahre alt und etwa 1,80 bis 1,85 Meter gro\u00df ist. Er trug einen Drei-Tage-Bart, eine bunte Sweatjacke und eine dunkle Kappe. Dem Eindruck der Zeugen nach handelt es sich um einen Deutschen.<\/p>\n<p class=\"richtext text-em-55 !leading-serif mx-6 desktop:mx-0\">Wenig sp\u00e4ter nahmen die Beamten einen weiteren Einbruch in Odenkirchen auf. Unbekannte hatten ein Fenster zur Kindertagesst\u00e4tte an der Wiedemannstra\u00dfe gewaltsam ge\u00f6ffnet und die R\u00e4ume durchsucht. Dies geschah voraussichtlich zwischen 17 Uhr am Vortag und 16.45 Uhr. Bislang ist unklar, ob etwas entwendet wurde.<\/p>\n<p class=\"richtext text-em-55 !leading-serif mx-6 desktop:mx-0\">In allen drei F\u00e4llen ermittelt die Kriminalpolizei und nimmt sachdienliche Hinweise von noch nicht erfassten Zeugen unter der Rufnummer 02161 290 entgegen.<\/p>\n","protected":false},"excerpt":{"rendered":"Der Polizei sind am Mittwoch, 28. Mai, sowie an Christi Himmelfahrt drei Einbr\u00fcche im Stadtgebiet gemeldet worden. Betroffen&hellip;\n","protected":false},"author":2,"featured_media":107285,"comment_status":"","ping_status":"","sticky":false,"template":"","format":"standard","meta":{"footnotes":""},"categories":[1849],"tags":[5704,3364,29,42223,548,663,3934,30,13,3491,4577,4455,14,15,1209,40976,53886,12,16037,23020,9717,626,4996],"class_list":{"0":"post-151659","1":"post","2":"type-post","3":"status-publish","4":"format-standard","5":"has-post-thumbnail","7":"category-moenchengladbach","8":"tag-zeugensuche","9":"tag-de","10":"tag-deutschland","11":"tag-entwendet","12":"tag-eu","13":"tag-europa","14":"tag-europe","15":"tag-germany","16":"tag-headlines","17":"tag-kita","18":"tag-kriminalpolizei","19":"tag-moenchengladbach","20":"tag-nachrichten","21":"tag-news","22":"tag-nordrhein-westfalen","23":"tag-odenkirchen","24":"tag-privatwohnung","25":"tag-schlagzeilen","26":"tag-seniorenheim","27":"tag-tueren","28":"tag-uhr","29":"tag-wohnung","30":"tag-zeugen"},"share_on_mastodon":{"url":"https:\/\/pubeurope.com\/@de\/114597137395222907","error":""},"_links":{"self":[{"href":"https:\/\/www.europesays.com\/de\/wp-json\/wp\/v2\/posts\/151659","targetHints":{"allow":["GET"]}}],"collection":[{"href":"https:\/\/www.europesays.com\/de\/wp-json\/wp\/v2\/posts"}],"about":[{"href":"https:\/\/www.europesays.com\/de\/wp-json\/wp\/v2\/types\/post"}],"author":[{"embeddable":true,"href":"https:\/\/www.europesays.com\/de\/wp-json\/wp\/v2\/users\/2"}],"replies":[{"embeddable":true,"href":"https:\/\/www.europesays.com\/de\/wp-json\/wp\/v2\/comments?post=151659"}],"version-history":[{"count":0,"href":"https:\/\/www.europesays.com\/de\/wp-json\/wp\/v2\/posts\/151659\/revisions"}],"wp:featuredmedia":[{"embeddable":true,"href":"https:\/\/www.europesays.com\/de\/wp-json\/wp\/v2\/media\/107285"}],"wp:attachment":[{"href":"https:\/\/www.europesays.com\/de\/wp-json\/wp\/v2\/media?parent=151659"}],"wp:term":[{"taxonomy":"category","embeddable":true,"href":"https:\/\/www.europesays.com\/de\/wp-json\/wp\/v2\/categories?post=151659"},{"taxonomy":"post_tag","embeddable":true,"href":"https:\/\/www.europesays.com\/de\/wp-json\/wp\/v2\/tags?post=151659"}],"curies":[{"name":"wp","href":"https:\/\/api.w.org\/{rel}","templated":true}]}}