{"id":151681,"date":"2025-05-30T14:10:12","date_gmt":"2025-05-30T14:10:12","guid":{"rendered":"https:\/\/www.europesays.com\/de\/151681\/"},"modified":"2025-05-30T14:10:12","modified_gmt":"2025-05-30T14:10:12","slug":"badestelle-in-bochum-dahlhausen-wieder-geoeffnet","status":"publish","type":"post","link":"https:\/\/www.europesays.com\/de\/151681\/","title":{"rendered":"Badestelle in Bochum-Dahlhausen wieder ge\u00f6ffnet"},"content":{"rendered":"<p class=\"small date article__date\">Ver\u00f6ffentlicht:\u00a0Freitag, 30.05.2025 14:48<\/p>\n<p>Seit Donnerstag (29.05.) ist die Badestelle an der Ruhr in Dahlhausen wieder offiziell ge\u00f6ffnet. Die Badeampel der Stadt Bochum ist ab sofort wieder in Betrieb.<\/p>\n<p><img decoding=\"async\" alt=\"\" src=\"https:\/\/www.europesays.com\/de\/wp-content\/uploads\/2025\/05\/dsc09072.jpg&#038;crop=0x59x2835x1772&#038;resize=1280x800&#038;dt=202207281722590.jpeg\" data-size=\"1280x800\"\/>\u00a9 Alexa Kuszlik\/FUNKE Foto ServicesWasserqualit\u00e4t der Ruhr wieder gut genug<\/p>\n<p>Die Wasserqualit\u00e4t sei jetzt wieder gut genug, um in der Ruhr schwimmen zu gehen. Angezeigt wird das von der Badeampel, die diese Woche von der Stadt Bochum in Betrieb genommen wurde. Zus\u00e4tzlich wurde die Wiese an der Badestelle frisch gem\u00e4ht. Das soll unter anderem daf\u00fcr sorgen, dass die Wildg\u00e4nse dort weniger Futter finden und die Wiese somit sauberer bleibt.\u00a0<\/p>\n<p>Badeampel der Stadt Bochum<\/p>\n<p>Um die Wasserqualit\u00e4t der Ruhr in Dahlhausen zu pr\u00fcfen, wurde ein eigenes Fr\u00fchwarnsystem entwickelt. Dieses ist mit der Badeampel direkt an der Ruhr-Badestelle verbunden, die entweder gr\u00fcn f\u00fcr erlaubtes Baden oder rot f\u00fcr verbotenes Baden anzeigt. Auch in diesem Jahr wird die Wasserqualit\u00e4t regelm\u00e4\u00dfig \u00fcberpr\u00fcft.\u00a0Unter folgendem <a href=\"https:\/\/www.bochum.de\/Referat-fuer-Sport-und-Bewegung\/Baden-in-der-Ruhr\" rel=\"noopener noreferrer nofollow\" target=\"_blank\" style=\"color: rgb(0, 0, 0);\">Link <\/a>k\u00f6nnt ihr nachschauen, was die Badeampel gerade anzeigt.<\/p>\n","protected":false},"excerpt":{"rendered":"Ver\u00f6ffentlicht:\u00a0Freitag, 30.05.2025 14:48 Seit Donnerstag (29.05.) ist die Badestelle an der Ruhr in Dahlhausen wieder offiziell ge\u00f6ffnet. Die&hellip;\n","protected":false},"author":2,"featured_media":151682,"comment_status":"","ping_status":"","sticky":false,"template":"","format":"standard","meta":{"footnotes":""},"categories":[1839],"tags":[20373,53904,53903,5587,42852,7507,3364,29,30,1209,5522],"class_list":{"0":"post-151681","1":"post","2":"type-post","3":"status-publish","4":"format-standard","5":"has-post-thumbnail","7":"category-bochum","8":"tag-schwimmen","9":"tag-badeampel","10":"tag-bochum-dahlhausen","11":"tag-baden","12":"tag-badestelle","13":"tag-bochum","14":"tag-de","15":"tag-deutschland","16":"tag-germany","17":"tag-nordrhein-westfalen","18":"tag-ruhr"},"share_on_mastodon":{"url":"https:\/\/pubeurope.com\/@de\/114597188325800418","error":""},"_links":{"self":[{"href":"https:\/\/www.europesays.com\/de\/wp-json\/wp\/v2\/posts\/151681","targetHints":{"allow":["GET"]}}],"collection":[{"href":"https:\/\/www.europesays.com\/de\/wp-json\/wp\/v2\/posts"}],"about":[{"href":"https:\/\/www.europesays.com\/de\/wp-json\/wp\/v2\/types\/post"}],"author":[{"embeddable":true,"href":"https:\/\/www.europesays.com\/de\/wp-json\/wp\/v2\/users\/2"}],"replies":[{"embeddable":true,"href":"https:\/\/www.europesays.com\/de\/wp-json\/wp\/v2\/comments?post=151681"}],"version-history":[{"count":0,"href":"https:\/\/www.europesays.com\/de\/wp-json\/wp\/v2\/posts\/151681\/revisions"}],"wp:featuredmedia":[{"embeddable":true,"href":"https:\/\/www.europesays.com\/de\/wp-json\/wp\/v2\/media\/151682"}],"wp:attachment":[{"href":"https:\/\/www.europesays.com\/de\/wp-json\/wp\/v2\/media?parent=151681"}],"wp:term":[{"taxonomy":"category","embeddable":true,"href":"https:\/\/www.europesays.com\/de\/wp-json\/wp\/v2\/categories?post=151681"},{"taxonomy":"post_tag","embeddable":true,"href":"https:\/\/www.europesays.com\/de\/wp-json\/wp\/v2\/tags?post=151681"}],"curies":[{"name":"wp","href":"https:\/\/api.w.org\/{rel}","templated":true}]}}