{"id":151688,"date":"2025-05-30T14:14:10","date_gmt":"2025-05-30T14:14:10","guid":{"rendered":"https:\/\/www.europesays.com\/de\/151688\/"},"modified":"2025-05-30T14:14:10","modified_gmt":"2025-05-30T14:14:10","slug":"macron-ruft-zu-asiatischen-koalitionen-auf-und-warnt-vor-spaltung-zwischen-den-usa-und-china","status":"publish","type":"post","link":"https:\/\/www.europesays.com\/de\/151688\/","title":{"rendered":"Macron ruft zu asiatischen Koalitionen auf und warnt vor Spaltung zwischen den USA und China"},"content":{"rendered":"<p>Der franz\u00f6sische Pr\u00e4sident Emmanuel Macron hat am Freitag davor gewarnt, dass die Spaltung zwischen den beiden Superm\u00e4chten, den Vereinigten Staaten und China, derzeit das gr\u00f6\u00dfte Risiko f\u00fcr die Welt darstelle. Er betonte die Notwendigkeit, neue Koalitionen zwischen Paris und Partnern im Indopazifik zu bilden.<\/p>\n<p>Macron besucht die Region, w\u00e4hrend Frankreich und die Europ\u00e4ische Union darauf abzielen, ihre Handelsbeziehungen in Asien zu st\u00e4rken, um die Unsicherheit angesichts der weitreichenden globalen Zollma\u00dfnahmen des US-Pr\u00e4sidenten Donald Trump auszugleichen.<\/p>\n<p>,,Ich will klar sein: Frankreich ist ein Freund und Verb\u00fcndeter der Vereinigten Staaten und ist ein Freund &#8211; wir kooperieren, auch wenn wir manchmal uneinig sind und konkurrieren &#8211; mit China&#8220;, sagte Macron beim Shangri-La-Dialog, Asiens f\u00fchrendem Verteidigungsforum, w\u00e4hrend eines zweit\u00e4gigen Staatsbesuchs in Singapur.<\/p>\n<p>,,Man muss sich f\u00fcr eine Seite entscheiden. Wenn wir das tun, zerst\u00f6ren wir die globale Ordnung und wir zerst\u00f6ren systematisch alle Institutionen, die wir nach dem Zweiten Weltkrieg geschaffen haben, um den Frieden zu bewahren und Kooperationen in Bereichen wie Gesundheit, Klima, Menschenrechte und so weiter zu erm\u00f6glichen&#8220;, f\u00fcgte Macron hinzu.<\/p>\n<p>Der franz\u00f6sische Pr\u00e4sident betonte, dass Asien und Europa ein gemeinsames Interesse daran h\u00e4tten, den Zerfall der globalen Ordnung zu verhindern.<\/p>\n<p>,,Die Zeit der Blockfreiheit ist zweifellos vorbei, aber die Zeit f\u00fcr Koalitionen des Handelns ist gekommen. Sie erfordert, dass L\u00e4nder, die gemeinsam handeln k\u00f6nnen, sich alle Mittel dazu geben&#8220;, so Macron weiter.<\/p>\n<p>Macron folgt damit den Staats- und Regierungschefs aus China, Japan und anderen europ\u00e4ischen L\u00e4ndern, die in den vergangenen Wochen die Region besucht haben &#8211; ein Zeichen f\u00fcr die strategische Bedeutung S\u00fcdostasiens angesichts der Unsicherheiten in globalen Lieferketten und im Handel.<\/p>\n<p>Der franz\u00f6sische Pr\u00e4sident warnte zudem, dass die Glaubw\u00fcrdigkeit der USA und Europas in der Indopazifik-Region leiden k\u00f6nnte, falls es ihnen nicht gelinge, Russlands Krieg in der Ukraine zu beenden.<\/p>\n<p>,,Wenn die Vereinigten Staaten von Amerika und die Europ\u00e4er die Ukraine-Krise kurzfristig nicht l\u00f6sen k\u00f6nnen, wird die Glaubw\u00fcrdigkeit der USA und Europas, irgendeine andere Krise in dieser Region zu l\u00f6sen, sehr gering sein&#8220;, sagte er.<\/p>\n<p>Pr\u00e4sident Putin hatte im Februar 2022 Zehntausende Soldaten in die Ukraine entsandt, nachdem es acht Jahre lang im Osten der Ukraine K\u00e4mpfe zwischen von Russland unterst\u00fctzten Separatisten und ukrainischen Truppen gegeben hatte.<\/p>\n<p>Russland kontrolliert derzeit knapp ein F\u00fcnftel des Landes. Obwohl die russischen Vorst\u00f6\u00dfe im vergangenen Jahr an Tempo gewonnen haben, kostet der Krieg sowohl Russland als auch die Ukraine hohe Verluste an Menschenleben und hohe Milit\u00e4rausgaben.<\/p>\n<p>Macron warnte zudem vor Risiken f\u00fcr Asien, falls es einen Pr\u00e4zedenzfall g\u00e4be, indem Russland erlaubt w\u00fcrde, einen Teil des ukrainischen Territoriums ungehindert zu \u00fcbernehmen.<\/p>\n<p>,,Wenn wir akzeptieren, dass Russland einen Teil des ukrainischen Territoriums ohne Einschr\u00e4nkungen, ohne Auflagen, ohne Reaktion der globalen Ordnung einnehmen darf &#8230; was k\u00f6nnte dann in Taiwan passieren?&#8220;<\/p>\n<p>China betrachtet das demokratisch regierte Taiwan als eigenes Territorium und hat den milit\u00e4rischen und politischen Druck erh\u00f6ht, um diese Anspr\u00fcche zu untermauern &#8211; unter anderem durch verst\u00e4rkte Milit\u00e4rman\u00f6ver. Peking betont, dass die Insel eine seiner Provinzen sei und kein Recht habe, als Staat bezeichnet zu werden.<\/p>\n","protected":false},"excerpt":{"rendered":"Der franz\u00f6sische Pr\u00e4sident Emmanuel Macron hat am Freitag davor gewarnt, dass die Spaltung zwischen den beiden Superm\u00e4chten, den&hellip;\n","protected":false},"author":2,"featured_media":151689,"comment_status":"","ping_status":"","sticky":false,"template":"","format":"standard","meta":{"footnotes":""},"categories":[3977],"tags":[331,332,665,13,14,15,12,4017,4018,4016,64,4019,4020],"class_list":{"0":"post-151688","1":"post","2":"type-post","3":"status-publish","4":"format-standard","5":"has-post-thumbnail","7":"category-usa","8":"tag-aktuelle-nachrichten","9":"tag-aktuelle-news","10":"tag-boerse","11":"tag-headlines","12":"tag-nachrichten","13":"tag-news","14":"tag-schlagzeilen","15":"tag-united-states","16":"tag-united-states-of-america","17":"tag-us","18":"tag-usa","19":"tag-vereinigte-staaten","20":"tag-vereinigte-staaten-von-amerika"},"share_on_mastodon":{"url":"https:\/\/pubeurope.com\/@de\/114597204127881918","error":""},"_links":{"self":[{"href":"https:\/\/www.europesays.com\/de\/wp-json\/wp\/v2\/posts\/151688","targetHints":{"allow":["GET"]}}],"collection":[{"href":"https:\/\/www.europesays.com\/de\/wp-json\/wp\/v2\/posts"}],"about":[{"href":"https:\/\/www.europesays.com\/de\/wp-json\/wp\/v2\/types\/post"}],"author":[{"embeddable":true,"href":"https:\/\/www.europesays.com\/de\/wp-json\/wp\/v2\/users\/2"}],"replies":[{"embeddable":true,"href":"https:\/\/www.europesays.com\/de\/wp-json\/wp\/v2\/comments?post=151688"}],"version-history":[{"count":0,"href":"https:\/\/www.europesays.com\/de\/wp-json\/wp\/v2\/posts\/151688\/revisions"}],"wp:featuredmedia":[{"embeddable":true,"href":"https:\/\/www.europesays.com\/de\/wp-json\/wp\/v2\/media\/151689"}],"wp:attachment":[{"href":"https:\/\/www.europesays.com\/de\/wp-json\/wp\/v2\/media?parent=151688"}],"wp:term":[{"taxonomy":"category","embeddable":true,"href":"https:\/\/www.europesays.com\/de\/wp-json\/wp\/v2\/categories?post=151688"},{"taxonomy":"post_tag","embeddable":true,"href":"https:\/\/www.europesays.com\/de\/wp-json\/wp\/v2\/tags?post=151688"}],"curies":[{"name":"wp","href":"https:\/\/api.w.org\/{rel}","templated":true}]}}