{"id":151710,"date":"2025-05-30T14:25:10","date_gmt":"2025-05-30T14:25:10","guid":{"rendered":"https:\/\/www.europesays.com\/de\/151710\/"},"modified":"2025-05-30T14:25:10","modified_gmt":"2025-05-30T14:25:10","slug":"polizei-geht-in-schwerpunktkontrolle-gegen-clans-vor","status":"publish","type":"post","link":"https:\/\/www.europesays.com\/de\/151710\/","title":{"rendered":"Polizei geht in Schwerpunktkontrolle gegen Clans vor"},"content":{"rendered":"<p class=\"text_ohne_einzug richtext text-em-55 !leading-serif mx-6 desktop:mx-0\">In der Nacht von Mittwoch auf Donnerstag (29. Mai) r\u00fcckte die Duisburger Polizei erneut zu einer Schwerpunktkontrolle aus, um gegen die Clankriminalit\u00e4t im Norden der Stadt vorzugehen. Wie die Polizei nun mitteilt,  waren auch die Staatsanwaltschaft <a href=\"https:\/\/rp-online.de\/thema\/duisburg\/\" rel=\"nofollow noopener\" target=\"_blank\">Duisburg<\/a>, das Ordnungsamt der Stadt, ein Diensthundf\u00fchrer der Polizei M\u00f6nchengladbach und viele weitere Kr\u00e4fte an der Aktion beteiligt.<\/p>\n","protected":false},"excerpt":{"rendered":"In der Nacht von Mittwoch auf Donnerstag (29. Mai) r\u00fcckte die Duisburger Polizei erneut zu einer Schwerpunktkontrolle aus,&hellip;\n","protected":false},"author":2,"featured_media":151711,"comment_status":"","ping_status":"","sticky":false,"template":"","format":"standard","meta":{"footnotes":""},"categories":[1838],"tags":[3364,29,433,53908,3715,30,53905,9907,11532,22028,1209,24173,53906,1997,4743,53907,37219],"class_list":{"0":"post-151710","1":"post","2":"type-post","3":"status-publish","4":"format-standard","5":"has-post-thumbnail","7":"category-duisburg","8":"tag-de","9":"tag-deutschland","10":"tag-drogen","11":"tag-drogendelikten","12":"tag-duisburg","13":"tag-germany","14":"tag-gewerbeobjekte","15":"tag-insgesamt","16":"tag-kontrolle","17":"tag-norden","18":"tag-nordrhein-westfalen","19":"tag-objekte","20":"tag-schwerpunktkontrolle","21":"tag-staatsanwaltschaft","22":"tag-waffen","23":"tag-waffenfunden","24":"tag-waffengesetz"},"share_on_mastodon":{"url":"https:\/\/pubeurope.com\/@de\/114597247301115478","error":""},"_links":{"self":[{"href":"https:\/\/www.europesays.com\/de\/wp-json\/wp\/v2\/posts\/151710","targetHints":{"allow":["GET"]}}],"collection":[{"href":"https:\/\/www.europesays.com\/de\/wp-json\/wp\/v2\/posts"}],"about":[{"href":"https:\/\/www.europesays.com\/de\/wp-json\/wp\/v2\/types\/post"}],"author":[{"embeddable":true,"href":"https:\/\/www.europesays.com\/de\/wp-json\/wp\/v2\/users\/2"}],"replies":[{"embeddable":true,"href":"https:\/\/www.europesays.com\/de\/wp-json\/wp\/v2\/comments?post=151710"}],"version-history":[{"count":0,"href":"https:\/\/www.europesays.com\/de\/wp-json\/wp\/v2\/posts\/151710\/revisions"}],"wp:featuredmedia":[{"embeddable":true,"href":"https:\/\/www.europesays.com\/de\/wp-json\/wp\/v2\/media\/151711"}],"wp:attachment":[{"href":"https:\/\/www.europesays.com\/de\/wp-json\/wp\/v2\/media?parent=151710"}],"wp:term":[{"taxonomy":"category","embeddable":true,"href":"https:\/\/www.europesays.com\/de\/wp-json\/wp\/v2\/categories?post=151710"},{"taxonomy":"post_tag","embeddable":true,"href":"https:\/\/www.europesays.com\/de\/wp-json\/wp\/v2\/tags?post=151710"}],"curies":[{"name":"wp","href":"https:\/\/api.w.org\/{rel}","templated":true}]}}