{"id":151726,"date":"2025-05-30T14:34:13","date_gmt":"2025-05-30T14:34:13","guid":{"rendered":"https:\/\/www.europesays.com\/de\/151726\/"},"modified":"2025-05-30T14:34:13","modified_gmt":"2025-05-30T14:34:13","slug":"buergerpark-in-essen-schliesst-fuer-sanierung","status":"publish","type":"post","link":"https:\/\/www.europesays.com\/de\/151726\/","title":{"rendered":"B\u00fcrgerpark in Essen schlie\u00dft f\u00fcr Sanierung"},"content":{"rendered":"<p>Jugendhilfe in Essen soll Park betreiben<\/p>\n<p>Der B\u00fcrgerpark Kuhlhoffstra\u00dfe in Altenessen hat viele M\u00e4ngel und kann deswegen aktuell nur noch teilweise genutzt werden. Am 1. Juni schlie\u00dft er dann komplett f\u00fcr ein Jahr. Nur die Vereine, die den Park nutzen, d\u00fcrfen noch dort hin. Und die Skateanlage bleibt teilweise ge\u00f6ffnet. W\u00e4hrend der Park geschlossen ist, sollen die Gr\u00fcnfl\u00e4chen neu gestaltet werden. F\u00fcr einen Teil der Gr\u00fcnfl\u00e4chen sollen auch B\u00fcrgerinnen und B\u00fcrger ihre Ideen einbringen k\u00f6nnen. <a href=\"https:\/\/www.radioessen.de\/artikel\/essen-erneuert-buergerpark-an-der-kuhlhoffstrasse-1487200.html\" rel=\"noopener noreferrer nofollow\" target=\"_blank\">Ein Geb\u00e4ude in dem Park wurde schon abgerissen<\/a>, au\u00dferdem laufen die Vorbereitungen, um den Eingangsbereich und die Skateanlage zu modernisieren. Im zweiten Halbjahr 2026 sollen die Gr\u00fcnfl\u00e4chen fertig sein.<\/p>\n<p>Ab dann k\u00f6nnte die Jugendhilfe in den Park ziehen, die ganz in der N\u00e4he schon die Jugendfarm betreibt. Mit ihr kommen neue soziale Angebote f\u00fcr Familien, Kinder und Jugendliche in den Park. Sie sollen dort spielen, sich bewegen, lernen und Naturerfahrungen sammeln k\u00f6nnen. Damit soll das Angebot gezielt dabei helfen junge Menschen im Essener Norden zu f\u00f6rdern und soziale Ungleichheiten abzubauen.<\/p>\n<p>Auch Geb\u00e4ude in Park in Essen werden saniert<\/p>\n<p>Die Geb\u00e4ude im Park &#8211; also die ehemaligen Umkleiden des alten Freibads, das dort war &#8211; sollen saniert werden, damit die Jugendhilfe sie nutzen kann. Dort sollen vor allem Gruppen-, Seminarr\u00e4ume und K\u00fcchen entstehen. Dadurch erh\u00f6hen sich die Gesamtkosten des Projekts von rund 1,5 Millionen Euro auf rund 10,32 Millionen Euro. Aktuell werden drei Geb\u00e4ude noch genutzt, unter anderem von einem Sport- und einem Sch\u00fctzenverein. F\u00fcr den Sch\u00fctzenverein soll eine neue Trainingsfl\u00e4che gefunden werden. Das Wohngeb\u00e4ude am Eingang des Parks, in dem aktuell noch der Hausmeister wohnt, soll in Zukunft ein Verwaltungsgeb\u00e4ude werden. Die Geb\u00e4ude sollen bis Anfang 2028 fertig werden. \u00dcber die gesamten Planungen muss der Rat noch am 4. Juni entscheiden.<\/p>\n<p>Die Politikerinnen und Politiker aus der zust\u00e4ndigen Bezirksvertretung freuen sich dar\u00fcber, dass sich etwas tun soll im B\u00fcrgerpark Kuhlhoffstra\u00dfe, sagt der stellvertretende Bezirksb\u00fcrgermeister Klaus Hagen auf Radio Essen-Nachfrage. Gleichzeitig gibt es Stimmen, die etwa ein Gastronomiekonzept f\u00fcr den Park oder eine Kita dort fordern.<\/p>\n<p>Mehr Nachrichten aus Essen<\/p>\n","protected":false},"excerpt":{"rendered":"Jugendhilfe in Essen soll Park betreiben Der B\u00fcrgerpark Kuhlhoffstra\u00dfe in Altenessen hat viele M\u00e4ngel und kann deswegen aktuell&hellip;\n","protected":false},"author":2,"featured_media":151727,"comment_status":"","ping_status":"","sticky":false,"template":"","format":"standard","meta":{"footnotes":""},"categories":[1834],"tags":[13812,53909,3275,3364,29,3688,30,1209],"class_list":{"0":"post-151726","1":"post","2":"type-post","3":"status-publish","4":"format-standard","5":"has-post-thumbnail","7":"category-essen","8":"tag-altenessen","9":"tag-brgerpark","10":"tag-lokalnachrichten","11":"tag-de","12":"tag-deutschland","13":"tag-essen","14":"tag-germany","15":"tag-nordrhein-westfalen"},"share_on_mastodon":{"url":"https:\/\/pubeurope.com\/@de\/114597282933689327","error":""},"_links":{"self":[{"href":"https:\/\/www.europesays.com\/de\/wp-json\/wp\/v2\/posts\/151726","targetHints":{"allow":["GET"]}}],"collection":[{"href":"https:\/\/www.europesays.com\/de\/wp-json\/wp\/v2\/posts"}],"about":[{"href":"https:\/\/www.europesays.com\/de\/wp-json\/wp\/v2\/types\/post"}],"author":[{"embeddable":true,"href":"https:\/\/www.europesays.com\/de\/wp-json\/wp\/v2\/users\/2"}],"replies":[{"embeddable":true,"href":"https:\/\/www.europesays.com\/de\/wp-json\/wp\/v2\/comments?post=151726"}],"version-history":[{"count":0,"href":"https:\/\/www.europesays.com\/de\/wp-json\/wp\/v2\/posts\/151726\/revisions"}],"wp:featuredmedia":[{"embeddable":true,"href":"https:\/\/www.europesays.com\/de\/wp-json\/wp\/v2\/media\/151727"}],"wp:attachment":[{"href":"https:\/\/www.europesays.com\/de\/wp-json\/wp\/v2\/media?parent=151726"}],"wp:term":[{"taxonomy":"category","embeddable":true,"href":"https:\/\/www.europesays.com\/de\/wp-json\/wp\/v2\/categories?post=151726"},{"taxonomy":"post_tag","embeddable":true,"href":"https:\/\/www.europesays.com\/de\/wp-json\/wp\/v2\/tags?post=151726"}],"curies":[{"name":"wp","href":"https:\/\/api.w.org\/{rel}","templated":true}]}}