{"id":151728,"date":"2025-05-30T14:35:22","date_gmt":"2025-05-30T14:35:22","guid":{"rendered":"https:\/\/www.europesays.com\/de\/151728\/"},"modified":"2025-05-30T14:35:22","modified_gmt":"2025-05-30T14:35:22","slug":"autofahrer-geraet-in-gegenverkehr-nun-sucht-polizei-nach-ersthelfer","status":"publish","type":"post","link":"https:\/\/www.europesays.com\/de\/151728\/","title":{"rendered":"Autofahrer ger\u00e4t in Gegenverkehr \u2013 nun sucht Polizei nach Ersthelfer"},"content":{"rendered":"<p>Ersthelfer nach internistischem Notfall gesucht <\/p>\n<p>Autofahrer ger\u00e4t in Gegenverkehr<\/p>\n<p>30.05.2025 &#8211; 14:15 UhrLesedauer: 1 Min.<\/p>\n<p><a href=\"#focus-0\" class=\"transition-colors duration-200 focus-within:text-magenta block text-current relative\" data-sctrack=\"FocusGalleryImage.Reference\"><img fetchpriority=\"high\" data-testid=\"Opener.Image\" style=\"--lqipURL:url('https:\/\/images.t-online.de\/2025\/05\/JH6UqOm6P7T8\/0x417:4000x2250\/fit-in\/150x0\/filters:blur(25)\/blaulicht-archivbild-in-dresden-waren-diebe-unterwegs.jpg')\"   loading=\"eager\" src=\"https:\/\/www.europesays.com\/de\/wp-content\/uploads\/2025\/05\/blaulicht-archivbild-in-dresden-waren-diebe-unterwegs.jpg\" alt=\"Blaulicht (Archivbild): In Dresden waren Diebe unterwegs.\" title=\"Blaulicht (Archivbild): In Dresden waren Diebe unterwegs.\" width=\"4000\" height=\"2250\" class=\"bg-[url:var(--lqipURL)] bg-cover bg-center flex w-full max-w-full h-full\" decoding=\"async\"\/><img style=\"--width:32;--height:32\" loading=\"lazy\" src=\"https:\/\/www.europesays.com\/de\/wp-content\/uploads\/2025\/05\/zoom-in.f7dae02f.svg.svg+xml\" alt=\"Vergr\u00f6\u00dfern des Bildes\" title=\"Vergr\u00f6\u00dfern des Bildes\" class=\"&#10;        block&#10;        h-[calc(var(--height)_\/_16_*_1rem)]&#10;        w-[calc(var(--width)_\/_16_*_1rem)]&#10;        max-w-none&#10;        absolute bottom-8 right-8 rounded-4 bg-snow p-8\" decoding=\"async\"\/><\/a><\/p>\n<p>Blaulicht (Archivbild): Nach einem medizinischen Notfall sucht die Polizei Essen nach einem Ersthelfer, der dem Betroffenen durch sein Eingreifen wohl das Leben gerettet hat. (Quelle: IMAGO\/Udo Herrmann)<\/p>\n<p class=\"font-bold text-18 leading-17\">In Essen ger\u00e4t ein Autofahrer durch einen medizinischen Notfall in den Gegenverkehr. Die Polizei sucht nun nach einem unbekannten Ersthelfer.<\/p>\n<p class=\"text-18 leading-17\">Am Dienstag (20. Mai) hat ein 55-j\u00e4hriger Autofahrer auf der Lierfeldstra\u00dfe in Essen-Altenessen-S\u00fcd einen medizinischen Notfall erlitten. Laut Polizei sei sein Fahrzeug daraufhin in den Gegenverkehr geraten. Es kam zu einer Kollision mit einem grauen Skoda, der wiederum einen blauen Opel rammte. Die Fahrerinnen des Skoda und des Opel wurden leicht verletzt.<\/p>\n<p class=\"text-18 leading-17\">Bis zum Eintreffen des Notarztes habe ein bislang unbekannter Ersthelfer den betroffenen Autofahrer reanimiert und dadurch m\u00f6glicherweise dessen Leben gerettet. Der Mann wird als etwa 40 bis 50 Jahre alt und circa 1,70 Meter gro\u00df beschrieben. Er soll Englisch gesprochen haben und trug eine kurze Hose sowie Arbeitsschuhe.<\/p>\n<p class=\"text-18 leading-17\">Der mutma\u00dfliche Helfer war angeblich mit einem wei\u00dfen Pritschenwagen mit gelber Rundumleuchte unterwegs. Die Polizei <a class=\"transition-colors duration-200 cursor-pointer text-inherit no-underline text-salemsfur md:hover:text-magenta md:hover:border-magenta md:focus:text-magenta border-current border-b border-solid break-words\" href=\"https:\/\/www.t-online.de\/region\/essen\/\" data-sctrack=\"BodyAnchor\" target=\"_blank\" rel=\"noopener\">in Essen<\/a> ersucht nun um Hinweise von Zeugen, die Angaben zu diesem Mann machen k\u00f6nnen. Informationen werden unter der Telefonnummer 0201\/829-0 oder per E-Mail an hinweise.essen@polizei.nrw.de entgegengenommen.<\/p>\n","protected":false},"excerpt":{"rendered":"Ersthelfer nach internistischem Notfall gesucht Autofahrer ger\u00e4t in Gegenverkehr 30.05.2025 &#8211; 14:15 UhrLesedauer: 1 Min. Blaulicht (Archivbild): Nach&hellip;\n","protected":false},"author":2,"featured_media":133166,"comment_status":"","ping_status":"","sticky":false,"template":"","format":"standard","meta":{"footnotes":""},"categories":[1834],"tags":[722,1950,3364,29,3688,514,25835,30,1209,4338,176,10531,121,3856,27711],"class_list":{"0":"post-151728","1":"post","2":"type-post","3":"status-publish","4":"format-standard","5":"has-post-thumbnail","7":"category-essen","8":"tag-722","9":"tag-blaulicht","10":"tag-de","11":"tag-deutschland","12":"tag-essen","13":"tag-fahrzeug","14":"tag-gegenverkehr","15":"tag-germany","16":"tag-nordrhein-westfalen","17":"tag-notfall","18":"tag-nrw","19":"tag-opel","20":"tag-polizei","21":"tag-ruhrgebiet","22":"tag-skoda-auto"},"share_on_mastodon":{"url":"https:\/\/pubeurope.com\/@de\/114597286714864832","error":""},"_links":{"self":[{"href":"https:\/\/www.europesays.com\/de\/wp-json\/wp\/v2\/posts\/151728","targetHints":{"allow":["GET"]}}],"collection":[{"href":"https:\/\/www.europesays.com\/de\/wp-json\/wp\/v2\/posts"}],"about":[{"href":"https:\/\/www.europesays.com\/de\/wp-json\/wp\/v2\/types\/post"}],"author":[{"embeddable":true,"href":"https:\/\/www.europesays.com\/de\/wp-json\/wp\/v2\/users\/2"}],"replies":[{"embeddable":true,"href":"https:\/\/www.europesays.com\/de\/wp-json\/wp\/v2\/comments?post=151728"}],"version-history":[{"count":0,"href":"https:\/\/www.europesays.com\/de\/wp-json\/wp\/v2\/posts\/151728\/revisions"}],"wp:featuredmedia":[{"embeddable":true,"href":"https:\/\/www.europesays.com\/de\/wp-json\/wp\/v2\/media\/133166"}],"wp:attachment":[{"href":"https:\/\/www.europesays.com\/de\/wp-json\/wp\/v2\/media?parent=151728"}],"wp:term":[{"taxonomy":"category","embeddable":true,"href":"https:\/\/www.europesays.com\/de\/wp-json\/wp\/v2\/categories?post=151728"},{"taxonomy":"post_tag","embeddable":true,"href":"https:\/\/www.europesays.com\/de\/wp-json\/wp\/v2\/tags?post=151728"}],"curies":[{"name":"wp","href":"https:\/\/api.w.org\/{rel}","templated":true}]}}