{"id":151729,"date":"2025-05-30T14:36:18","date_gmt":"2025-05-30T14:36:18","guid":{"rendered":"https:\/\/www.europesays.com\/de\/151729\/"},"modified":"2025-05-30T14:36:18","modified_gmt":"2025-05-30T14:36:18","slug":"sperrungen-auf-a1-rund-um-kamener-kreuz","status":"publish","type":"post","link":"https:\/\/www.europesays.com\/de\/151729\/","title":{"rendered":"Sperrungen auf A1 rund um Kamener Kreuz"},"content":{"rendered":"<p>Vollsperrung <\/p>\n<p>Sperrungen auf A1 rund um Kamener Kreuz<\/p>\n<p>Aktualisiert am 30.05.2025 &#8211; 16:21 UhrLesedauer: 1 Min.<\/p>\n<p><a href=\"#focus-0\" class=\"transition-colors duration-200 focus-within:text-magenta block text-current relative\" data-sctrack=\"FocusGalleryImage.Reference\"><img fetchpriority=\"high\" data-testid=\"Opener.Image\" style=\"--lqipURL:url('https:\/\/images.t-online.de\/2025\/05\/KzLFK-bJ7DXM\/0x192:2048x1152\/fit-in\/150x0\/filters:blur(25)\/nahe-kamen-geriet-ein-lastwagen-auf-dem-mittelstreifen-in-brand.jpg')\"   loading=\"eager\" src=\"https:\/\/www.europesays.com\/de\/wp-content\/uploads\/2025\/05\/nahe-kamen-geriet-ein-lastwagen-auf-dem-mittelstreifen-in-brand.jpg\" alt=\"Sperrungen auf A1 rund um Kamener Kreuz\" title=\"Sperrungen auf A1 rund um Kamener Kreuz\" width=\"2048\" height=\"1152\" class=\"bg-[url:var(--lqipURL)] bg-cover bg-center flex w-full max-w-full h-full\" decoding=\"async\"\/><img style=\"--width:32;--height:32\" loading=\"lazy\" src=\"https:\/\/www.europesays.com\/de\/wp-content\/uploads\/2025\/05\/zoom-in.f7dae02f.svg.svg+xml\" alt=\"Vergr\u00f6\u00dfern des Bildes\" title=\"Vergr\u00f6\u00dfern des Bildes\" class=\"&#10;        block&#10;        h-[calc(var(--height)_\/_16_*_1rem)]&#10;        w-[calc(var(--width)_\/_16_*_1rem)]&#10;        max-w-none&#10;        absolute bottom-8 right-8 rounded-4 bg-snow p-8\" decoding=\"async\"\/><\/a><\/p>\n<p>Nahe Kamen geriet ein Lastwagen auf dem Mittelstreifen in Brand. (Quelle: Michael Neumann\/dpa\/dpa-bilder)<\/p>\n<p class=\"font-bold text-18 leading-17\">Das Kamener Kreuz ist stets stark befahren, aber aktuell geht es dort kaum voran an der A1. Das liegt an einem Unfall mit mehreren Fahrzeugen sowie an einem ausgebrannten Lkw.<\/p>\n<p class=\"text-18 leading-17\">Am vielbefahrenen Kamener Kreuz an der A1 ist derzeit ein Abschnitt in Fahrtrichtung <a class=\"transition-colors duration-200 cursor-pointer text-inherit no-underline text-salemsfur md:hover:text-magenta md:hover:border-magenta md:focus:text-magenta border-current border-b border-solid break-words\" href=\"https:\/\/www.t-online.de\/region\/koeln\/\" data-sctrack=\"BodyAnchor\" rel=\"nofollow noopener\" target=\"_blank\">K\u00f6ln<\/a> voll gesperrt. Nahe Kamen geriet ein Lastwagen auf dem Mittelstreifen in Brand, der zum Seitenstreifen gebracht wurde. Dort habe die Feuerwehr die Flammen gel\u00f6scht, es sei nur noch ein Wrack von dem Fahrzeug \u00fcbrig, sagte ein Polizeisprecher am Nachmittag. Man m\u00fcsse nun pr\u00fcfen, wie es an der Brandstelle um den Asphalt stehe. Bis zum Abschluss dieser Arbeiten bleibe der Bereich dicht. <\/p>\n<p class=\"text-18 leading-17\">Die Sperrung auf der Gegenfahrbahn in Richtung M\u00fcnster ist seit dem Nachmittag hingegen teilweise wieder aufgehoben &#8211; auf zwei von drei Bahnen rollte der Verkehr wieder an. Dort war nach einem Unfall mit zwei Lastwagen und zwei Autos zwischen dem Kreuz Dortmund\/Unna und dem Kamener Kreuz vor\u00fcbergehend gesperrt worden. Vier Personen hatten leichte Verletzungen davongetragen.<\/p>\n","protected":false},"excerpt":{"rendered":"Vollsperrung Sperrungen auf A1 rund um Kamener Kreuz Aktualisiert am 30.05.2025 &#8211; 16:21 UhrLesedauer: 1 Min. Nahe Kamen&hellip;\n","protected":false},"author":2,"featured_media":151730,"comment_status":"","ping_status":"","sticky":false,"template":"","format":"standard","meta":{"footnotes":""},"categories":[1833],"tags":[3364,29,217,514,985,30,1420,53910,1209,2224,3043],"class_list":{"0":"post-151729","1":"post","2":"type-post","3":"status-publish","4":"format-standard","5":"has-post-thumbnail","7":"category-dortmund","8":"tag-de","9":"tag-deutschland","10":"tag-dortmund","11":"tag-fahrzeug","12":"tag-feuerwehr","13":"tag-germany","14":"tag-koeln","15":"tag-mittelstreifen","16":"tag-nordrhein-westfalen","17":"tag-sperrung","18":"tag-vollsperrung"},"share_on_mastodon":{"url":"https:\/\/pubeurope.com\/@de\/114597290574688992","error":""},"_links":{"self":[{"href":"https:\/\/www.europesays.com\/de\/wp-json\/wp\/v2\/posts\/151729","targetHints":{"allow":["GET"]}}],"collection":[{"href":"https:\/\/www.europesays.com\/de\/wp-json\/wp\/v2\/posts"}],"about":[{"href":"https:\/\/www.europesays.com\/de\/wp-json\/wp\/v2\/types\/post"}],"author":[{"embeddable":true,"href":"https:\/\/www.europesays.com\/de\/wp-json\/wp\/v2\/users\/2"}],"replies":[{"embeddable":true,"href":"https:\/\/www.europesays.com\/de\/wp-json\/wp\/v2\/comments?post=151729"}],"version-history":[{"count":0,"href":"https:\/\/www.europesays.com\/de\/wp-json\/wp\/v2\/posts\/151729\/revisions"}],"wp:featuredmedia":[{"embeddable":true,"href":"https:\/\/www.europesays.com\/de\/wp-json\/wp\/v2\/media\/151730"}],"wp:attachment":[{"href":"https:\/\/www.europesays.com\/de\/wp-json\/wp\/v2\/media?parent=151729"}],"wp:term":[{"taxonomy":"category","embeddable":true,"href":"https:\/\/www.europesays.com\/de\/wp-json\/wp\/v2\/categories?post=151729"},{"taxonomy":"post_tag","embeddable":true,"href":"https:\/\/www.europesays.com\/de\/wp-json\/wp\/v2\/tags?post=151729"}],"curies":[{"name":"wp","href":"https:\/\/api.w.org\/{rel}","templated":true}]}}