{"id":151737,"date":"2025-05-30T14:40:12","date_gmt":"2025-05-30T14:40:12","guid":{"rendered":"https:\/\/www.europesays.com\/de\/151737\/"},"modified":"2025-05-30T14:40:12","modified_gmt":"2025-05-30T14:40:12","slug":"so-wird-es-am-1-juni-mit-diesen-neuen-ausstellern","status":"publish","type":"post","link":"https:\/\/www.europesays.com\/de\/151737\/","title":{"rendered":"So wird es am 1. Juni mit diesen neuen Ausstellern"},"content":{"rendered":"<p>Am 1. Juni am Tonhallenufer <\/p>\n<p>So wird der dritte Fischmarkt des Jahres<\/p>\n<p>Aktualisiert am 30.05.2025 &#8211; 14:58 UhrLesedauer: 2 Min.<\/p>\n<p><a href=\"#focus-0\" class=\"transition-colors duration-200 focus-within:text-magenta block text-current relative\" data-sctrack=\"FocusGalleryImage.Reference\"><img fetchpriority=\"high\" data-testid=\"Opener.Image\" style=\"--lqipURL:url('https:\/\/images.t-online.de\/2025\/05\/bmJgYFOECNJr\/0x193:1684x947\/fit-in\/150x0\/filters:blur(25)\/image.jpg')\"   loading=\"eager\" src=\"https:\/\/www.europesays.com\/de\/wp-content\/uploads\/2025\/05\/1748616011_442_image.jpg\" alt=\"Der Fischmarkt aus der Vogelperspektive (Archivbild): Am 1. Juni geht es in die dritte Runde des Jahres.\" title=\"Der Fischmarkt aus der Vogelperspektive (Archivbild): Am 1. Juni geht es in die dritte Runde des Jahres.\" width=\"1684\" height=\"947\" class=\"bg-[url:var(--lqipURL)] bg-cover bg-center flex w-full max-w-full h-full\" decoding=\"async\"\/><img style=\"--width:32;--height:32\" loading=\"lazy\" src=\"https:\/\/www.europesays.com\/de\/wp-content\/uploads\/2025\/05\/zoom-in.f7dae02f.svg.svg+xml\" alt=\"Vergr\u00f6\u00dfern des Bildes\" title=\"Vergr\u00f6\u00dfern des Bildes\" class=\"&#10;        block&#10;        h-[calc(var(--height)_\/_16_*_1rem)]&#10;        w-[calc(var(--width)_\/_16_*_1rem)]&#10;        max-w-none&#10;        absolute bottom-8 right-8 rounded-4 bg-snow p-8\" decoding=\"async\"\/><\/a><\/p>\n<p>Der Fischmarkt aus der Vogelperspektive (Archivbild): Am 1. Juni geht es in die dritte Runde des Jahres. (Quelle: Fischmarkt D\u00fcsseldorf)<\/p>\n<p class=\"font-bold text-18 leading-17\">Zwei Wochen nach dem j\u00fcngsten Fischmarkt ist am 1. Juni schon wieder Zeit f\u00fcr die dritte Ausgabe in diesem Jahr. Neue Aussteller sind dann am Tonhallenufer dabei.<\/p>\n<p class=\"text-18 leading-17\">Der D\u00fcsseldorfer Fischmarkt geht am Sonntag (1. Juni) in seine dritte Runde 2025. Die Open-Air-Veranstaltung am Tonhallenufer zieht seit mehr als 25 Jahren Tausende an und mit rund 75 Ausstellern erwartet die Besucher auch bei der Juni-Ausgabe von 11 bis 18 Uhr wieder ein Angebot mit Spezialit\u00e4ten aus aller Welt.<\/p>\n<p class=\"text-18 leading-17\">Das \u00fcberarbeitete Sicherheitskonzept mit kontrolliertem Einlass, breiteren Wegen und zus\u00e4tzlichem Sicherheitspersonal hat sich bei der j\u00fcngsten Veranstaltung vor zwei Wochen laut dem Veranstalter bew\u00e4hrt und soll auch dieses Mal zu einem sicheren Markterlebnis beitragen.<\/p>\n<p class=\"text-18 leading-17\">Von Fisch, Meeresfr\u00fcchten und Flammkuchen bis hin zu Bouillabaisse, Burgern, Empanadas und S\u00fc\u00dfigkeiten kommen Genie\u00dfer beim Fischmarkt auf ihre Kosten. Eine Auswahl an Weinen, Champagner und weiteren Getr\u00e4nken l\u00e4dt zudem zum Verweilen ein. Neben dem vielf\u00e4ltigen Fischangebot erg\u00e4nzen Blumen- und Gew\u00fcrzst\u00e4nde, handgefertigter Silberschmuck und Mode das Treiben direkt am Rhein.<\/p>\n<p class=\"text-18 leading-17\">Zum zweiten Mal mit dabei ist im Juni das Meerbuscher Restaurant &#8222;Ratatouille&#8220; von Sam Keshvari, dem mehrfachen Tour-de-Menu-Sieger. Franz\u00f6sische Landk\u00fcche, k\u00f6stlicher Fisch und Ratatouille-Gem\u00fcse stehen auf dem Men\u00fc. Bei &#8222;Carbonero&#8220;, einem spanischen Familienbetrieb, k\u00f6nnen Besucher in geselliger Runde Tapas in breiter Vielfalt und Paella genie\u00dfen.<\/p>\n<p class=\"text-18 leading-17\">Am Stand von &#8222;Pitty&#8220; findet der Besucher indische Spezialit\u00e4ten. Hier gibt es frischen Kichererbsen-Linsen-Salat mit Samosas und deftiges Butterchicken. &#8222;Vis Ahoi&#8220;, ein neuer Fischanbieter, serviert unter anderem Scampi-Pf\u00e4nnchen, Heringsstipp mit Bratkartoffeln und weitere leckere Fischgerichte. Die Veranstalter freuen sich au\u00dferdem auf die Imkerei Bolgert. Bei ihr k\u00f6nnen Besucher eine Auswahl an Honigen, Honigseifen, Bienenwachskerzen und hochwertigen Pflegeprodukten entdecken.<\/p>\n<p class=\"text-18 leading-17\">Die ausstehenden Fischmarkt-Termine in diesem Jahr:<\/p>\n","protected":false},"excerpt":{"rendered":"Am 1. Juni am Tonhallenufer So wird der dritte Fischmarkt des Jahres Aktualisiert am 30.05.2025 &#8211; 14:58 UhrLesedauer:&hellip;\n","protected":false},"author":2,"featured_media":151738,"comment_status":"","ping_status":"","sticky":false,"template":"","format":"standard","meta":{"footnotes":""},"categories":[1831],"tags":[722,2072,3364,29,3405,9587,30,1209,7968,30977,53911,30972],"class_list":{"0":"post-151737","1":"post","2":"type-post","3":"status-publish","4":"format-standard","5":"has-post-thumbnail","7":"category-duesseldorf","8":"tag-722","9":"tag-2072","10":"tag-de","11":"tag-deutschland","12":"tag-duesseldorf","13":"tag-fischmarkt","14":"tag-germany","15":"tag-nordrhein-westfalen","16":"tag-rheinufer","17":"tag-rheinuferpromenade","18":"tag-sam-keshvari","19":"tag-tonhallenufer"},"share_on_mastodon":{"url":"https:\/\/pubeurope.com\/@de\/114597306356251784","error":""},"_links":{"self":[{"href":"https:\/\/www.europesays.com\/de\/wp-json\/wp\/v2\/posts\/151737","targetHints":{"allow":["GET"]}}],"collection":[{"href":"https:\/\/www.europesays.com\/de\/wp-json\/wp\/v2\/posts"}],"about":[{"href":"https:\/\/www.europesays.com\/de\/wp-json\/wp\/v2\/types\/post"}],"author":[{"embeddable":true,"href":"https:\/\/www.europesays.com\/de\/wp-json\/wp\/v2\/users\/2"}],"replies":[{"embeddable":true,"href":"https:\/\/www.europesays.com\/de\/wp-json\/wp\/v2\/comments?post=151737"}],"version-history":[{"count":0,"href":"https:\/\/www.europesays.com\/de\/wp-json\/wp\/v2\/posts\/151737\/revisions"}],"wp:featuredmedia":[{"embeddable":true,"href":"https:\/\/www.europesays.com\/de\/wp-json\/wp\/v2\/media\/151738"}],"wp:attachment":[{"href":"https:\/\/www.europesays.com\/de\/wp-json\/wp\/v2\/media?parent=151737"}],"wp:term":[{"taxonomy":"category","embeddable":true,"href":"https:\/\/www.europesays.com\/de\/wp-json\/wp\/v2\/categories?post=151737"},{"taxonomy":"post_tag","embeddable":true,"href":"https:\/\/www.europesays.com\/de\/wp-json\/wp\/v2\/tags?post=151737"}],"curies":[{"name":"wp","href":"https:\/\/api.w.org\/{rel}","templated":true}]}}