{"id":151739,"date":"2025-05-30T14:41:10","date_gmt":"2025-05-30T14:41:10","guid":{"rendered":"https:\/\/www.europesays.com\/de\/151739\/"},"modified":"2025-05-30T14:41:10","modified_gmt":"2025-05-30T14:41:10","slug":"ahauser-65-will-handtasche-aus-krokodil-durch-zoll-schmuggeln","status":"publish","type":"post","link":"https:\/\/www.europesays.com\/de\/151739\/","title":{"rendered":"Ahauser (65) will Handtasche aus Krokodil durch Zoll schmuggeln"},"content":{"rendered":"<p>\t\tAhauser am Flughafen D\u00fcsseldorf<br \/>\n\t\t\t\t\t65-J\u00e4hriger will Krokodil-Handtasche durch Zoll schmuggeln<\/p>\n<p>\t\t<img alt=\"\" src=\"https:\/\/www.europesays.com\/de\/wp-content\/uploads\/2025\/05\/630_0036_185754_.jpg\"  class=\"avatar avatar-36 photo avatar-default\" height=\"36\" width=\"36\" loading=\"lazy\" decoding=\"async\"\/>\t\t<a class=\"article-author__name\" href=\"https:\/\/www.muensterlandzeitung.de\/author\/stephan-rape\/\" rel=\"author nofollow noopener\" target=\"_blank\">Stephan Rape<\/a><br \/>\n\t\tRedakteur<\/p>\n<p>\t30.05.2025 16:03 Uhr<\/p>\n<p>\t\tTeilen<\/p>\n<p>\n\tIn Merkliste \u00fcbernehmen\n<\/p>\n<p>    <a href=\"https:\/\/www.muensterlandzeitung.de\/wp-content\/uploads\/2025\/05\/30\/14\/630_0900_4753882_Artenschutz3_jpeg-1645x824.jpg\" rel=\"nofollow noopener\" target=\"_blank\"><\/p>\n<p>            <img loading=\"lazy\" decoding=\"async\" src=\"https:\/\/www.europesays.com\/de\/wp-content\/uploads\/2025\/05\/630_0900_4753881_Artenschutz3_jpeg-640x428.jpg\" width=\"640\" height=\"428\"  alt=\"Die Tasche aus Krokodilleder samt Kopf und F\u00fc\u00dfen\"\/><\/p>\n<p>    <\/a><br \/>\n    Eine Tasche von erstaunlich \u00fcberschaubarer Sch\u00f6nheit bringt einem Mann aus Ahaus jetzt eine Menge \u00c4rger ein. Die Handtasche wurde aus einem seltenen Sumpfkrokodil gefertigt und verst\u00f6\u00dft gegen den Artenschutz. Gegen den Mann wird eine Verfahren eingeleitet. \u00a9 Zoll<\/p>\n<p class=\"article__teaser-text\">Sein eigenwilliger Modegeschmack bringt einem 65-j\u00e4hrigen Mann aus Ahaus eine Menge \u00c4rger ein: Der Mann wollte eine Tasche aus Krokodil am Zoll vorbeibringen.<\/p>\n<p>2 Min Lesezeit<\/p>\n<p>Strafverfahren wird eingeleitet<\/p>\n<p>\n\t<a href=\"https:\/\/www.muensterlandzeitung.de\" class=\"button button--brand button--link home-button\" rel=\"nofollow noopener\" target=\"_blank\">Zur Startseite<\/a><\/p>\n","protected":false},"excerpt":{"rendered":"Ahauser am Flughafen D\u00fcsseldorf 65-J\u00e4hriger will Krokodil-Handtasche durch Zoll schmuggeln Stephan Rape Redakteur 30.05.2025 16:03 Uhr Teilen In&hellip;\n","protected":false},"author":2,"featured_media":151740,"comment_status":"","ping_status":"","sticky":false,"template":"","format":"standard","meta":{"footnotes":""},"categories":[1831],"tags":[1950,3364,29,3405,30,1209,5559],"class_list":{"0":"post-151739","1":"post","2":"type-post","3":"status-publish","4":"format-standard","5":"has-post-thumbnail","7":"category-duesseldorf","8":"tag-blaulicht","9":"tag-de","10":"tag-deutschland","11":"tag-duesseldorf","12":"tag-germany","13":"tag-nordrhein-westfalen","14":"tag-strafverfahren"},"share_on_mastodon":{"url":"https:\/\/pubeurope.com\/@de\/114597310268428256","error":""},"_links":{"self":[{"href":"https:\/\/www.europesays.com\/de\/wp-json\/wp\/v2\/posts\/151739","targetHints":{"allow":["GET"]}}],"collection":[{"href":"https:\/\/www.europesays.com\/de\/wp-json\/wp\/v2\/posts"}],"about":[{"href":"https:\/\/www.europesays.com\/de\/wp-json\/wp\/v2\/types\/post"}],"author":[{"embeddable":true,"href":"https:\/\/www.europesays.com\/de\/wp-json\/wp\/v2\/users\/2"}],"replies":[{"embeddable":true,"href":"https:\/\/www.europesays.com\/de\/wp-json\/wp\/v2\/comments?post=151739"}],"version-history":[{"count":0,"href":"https:\/\/www.europesays.com\/de\/wp-json\/wp\/v2\/posts\/151739\/revisions"}],"wp:featuredmedia":[{"embeddable":true,"href":"https:\/\/www.europesays.com\/de\/wp-json\/wp\/v2\/media\/151740"}],"wp:attachment":[{"href":"https:\/\/www.europesays.com\/de\/wp-json\/wp\/v2\/media?parent=151739"}],"wp:term":[{"taxonomy":"category","embeddable":true,"href":"https:\/\/www.europesays.com\/de\/wp-json\/wp\/v2\/categories?post=151739"},{"taxonomy":"post_tag","embeddable":true,"href":"https:\/\/www.europesays.com\/de\/wp-json\/wp\/v2\/tags?post=151739"}],"curies":[{"name":"wp","href":"https:\/\/api.w.org\/{rel}","templated":true}]}}