{"id":151751,"date":"2025-05-30T14:47:11","date_gmt":"2025-05-30T14:47:11","guid":{"rendered":"https:\/\/www.europesays.com\/de\/151751\/"},"modified":"2025-05-30T14:47:11","modified_gmt":"2025-05-30T14:47:11","slug":"besitzer-schlaegt-raeuber-in-flucht","status":"publish","type":"post","link":"https:\/\/www.europesays.com\/de\/151751\/","title":{"rendered":"Besitzer schl\u00e4gt R\u00e4uber in Flucht"},"content":{"rendered":"<p>\u00dcberfall in K\u00f6ln-Dellbr\u00fcck <\/p>\n<p>Mit Machete und Pfefferspray: Kiosk-R\u00e4uber fliehen<\/p>\n<p>30.05.2025 &#8211; 16:40 UhrLesedauer: 1 Min.<\/p>\n<p><a href=\"#focus-0\" class=\"transition-colors duration-200 focus-within:text-magenta block text-current relative\" data-sctrack=\"FocusGalleryImage.Reference\"><img data-testid=\"Opener.Image\" style=\"--lqipURL:url('https:\/\/images.t-online.de\/2025\/05\/9OYPP0OIygik\/0x22:174x98\/fit-in\/150x0\/filters:blur(25)\/image.jpg')\"   loading=\"eager\" src=\"https:\/\/www.europesays.com\/de\/wp-content\/uploads\/2025\/05\/1748616430_140_image.jpg\" alt=\"Einer der Tatverd\u00e4chtigen: Zwei M\u00e4nner haben einen Kiosk \u00fcberfallen.\" title=\"Einer der Tatverd\u00e4chtigen: Zwei M\u00e4nner haben einen Kiosk \u00fcberfallen.\" width=\"174\" height=\"98\" class=\"bg-[url:var(--lqipURL)] bg-cover bg-center flex w-full max-w-full h-full\" decoding=\"async\"\/><img style=\"--width:32;--height:32\" loading=\"lazy\" src=\"https:\/\/www.europesays.com\/de\/wp-content\/uploads\/2025\/05\/zoom-in.f7dae02f.svg.svg+xml\" alt=\"Vergr\u00f6\u00dfern des Bildes\" title=\"Vergr\u00f6\u00dfern des Bildes\" class=\"&#10;        block&#10;        h-[calc(var(--height)_\/_16_*_1rem)]&#10;        w-[calc(var(--width)_\/_16_*_1rem)]&#10;        max-w-none&#10;        absolute bottom-8 right-8 rounded-4 bg-snow p-8\" decoding=\"async\"\/><\/a><\/p>\n<p>Einer der Tatverd\u00e4chtigen: Zwei M\u00e4nner haben einen Kiosk \u00fcberfallen. (Quelle: Polizei K\u00f6ln)<\/p>\n<p class=\"font-bold text-18 leading-17\">In Dellbr\u00fcck wird ein Kiosk \u00fcberfallen. Der Besitzer schl\u00e4gt die T\u00e4ter in die Flucht. Die Polizei sucht mit Videoaufnahmen nach den Verd\u00e4chtigen.<\/p>\n<p class=\"text-18 leading-17\">Mit einer Machete und Pfefferspray haben zwei M\u00e4nner am Dienstagabend (27. Mai) einen Kiosk in K\u00f6ln-Dellbr\u00fcck \u00fcberfallen. Wie die Polizei am Freitag (30. Mai) mitteilte, flohen die T\u00e4ter \u2013 der Kioskbesitzer hatte sich mutig zur Wehr gesetzt.<\/p>\n<p class=\"text-18 leading-17\">Nach Angaben der Ermittler betraten die Maskierten den Verkaufsraum gegen 19.50 Uhr und bedrohten den Inhaber mit einer Machete. W\u00e4hrend einer der T\u00e4ter die Waffe zog, versuchte der andere, Geld aus der Kasse zu stehlen. Der Besitzer reagierte sofort: Er schlug mit einer T\u00fcte nach den Angreifern. Diese setzten daraufhin Pfefferspray ein, lie\u00dfen dann aber von ihrem Vorhaben ab und flohen.<\/p>\n<p class=\"text-18 leading-17\">Ein dritter Verd\u00e4chtiger soll laut Polizei vor dem Kiosk gewartet und die Flucht der beiden unterst\u00fctzt haben. Die M\u00e4nner entkamen in Richtung Dellbr\u00fccker Hauptstra\u00dfe. Die Polizei hat Bilder des \u00dcberfalls ver\u00f6ffentlicht und bittet um Hinweise. <a rel=\"nofollow noopener\" target=\"_blank\" class=\"transition-colors duration-200 cursor-pointer text-inherit no-underline text-salemsfur md:hover:text-magenta md:hover:border-magenta md:focus:text-magenta border-current border-b border-solid break-words\" href=\"https:\/\/polizei.nrw\/fahndung\/169949\" data-sctrack=\"BodyAnchor\">Die Aufnahmen sind \u00fcber das Fahndungsportal abrufbar.<\/a><\/p>\n","protected":false},"excerpt":{"rendered":"\u00dcberfall in K\u00f6ln-Dellbr\u00fcck Mit Machete und Pfefferspray: Kiosk-R\u00e4uber fliehen 30.05.2025 &#8211; 16:40 UhrLesedauer: 1 Min. Einer der Tatverd\u00e4chtigen:&hellip;\n","protected":false},"author":2,"featured_media":151752,"comment_status":"","ping_status":"","sticky":false,"template":"","format":"standard","meta":{"footnotes":""},"categories":[1828],"tags":[21793,29,7142,30,4141,1420,3441,1209,3905,121,5310,13125],"class_list":{"0":"post-151751","1":"post","2":"type-post","3":"status-publish","4":"format-standard","5":"has-post-thumbnail","7":"category-koeln","8":"tag-dellbrueck","9":"tag-deutschland","10":"tag-fahndung","11":"tag-germany","12":"tag-kiosk","13":"tag-koeln","14":"tag-machete","15":"tag-nordrhein-westfalen","16":"tag-pfefferspray","17":"tag-polizei","18":"tag-ueberfall","19":"tag-videoaufnahme"},"share_on_mastodon":{"url":"https:\/\/pubeurope.com\/@de\/114597333880590298","error":""},"_links":{"self":[{"href":"https:\/\/www.europesays.com\/de\/wp-json\/wp\/v2\/posts\/151751","targetHints":{"allow":["GET"]}}],"collection":[{"href":"https:\/\/www.europesays.com\/de\/wp-json\/wp\/v2\/posts"}],"about":[{"href":"https:\/\/www.europesays.com\/de\/wp-json\/wp\/v2\/types\/post"}],"author":[{"embeddable":true,"href":"https:\/\/www.europesays.com\/de\/wp-json\/wp\/v2\/users\/2"}],"replies":[{"embeddable":true,"href":"https:\/\/www.europesays.com\/de\/wp-json\/wp\/v2\/comments?post=151751"}],"version-history":[{"count":0,"href":"https:\/\/www.europesays.com\/de\/wp-json\/wp\/v2\/posts\/151751\/revisions"}],"wp:featuredmedia":[{"embeddable":true,"href":"https:\/\/www.europesays.com\/de\/wp-json\/wp\/v2\/media\/151752"}],"wp:attachment":[{"href":"https:\/\/www.europesays.com\/de\/wp-json\/wp\/v2\/media?parent=151751"}],"wp:term":[{"taxonomy":"category","embeddable":true,"href":"https:\/\/www.europesays.com\/de\/wp-json\/wp\/v2\/categories?post=151751"},{"taxonomy":"post_tag","embeddable":true,"href":"https:\/\/www.europesays.com\/de\/wp-json\/wp\/v2\/tags?post=151751"}],"curies":[{"name":"wp","href":"https:\/\/api.w.org\/{rel}","templated":true}]}}