{"id":151769,"date":"2025-05-30T14:56:08","date_gmt":"2025-05-30T14:56:08","guid":{"rendered":"https:\/\/www.europesays.com\/de\/151769\/"},"modified":"2025-05-30T14:56:08","modified_gmt":"2025-05-30T14:56:08","slug":"der-typ-hat-die-luecke-in-der-matrix-gefunden-fuechse-berlin-greifen-dank-dem-menschlichen-cheat-code-nach-historischem-titel","status":"publish","type":"post","link":"https:\/\/www.europesays.com\/de\/151769\/","title":{"rendered":"&#8222;Der Typ hat die L\u00fccke in der Matrix gefunden!&#8220; F\u00fcchse Berlin greifen dank dem &#8222;menschlichen Cheat-Code&#8220; nach historischem Titel"},"content":{"rendered":"<p>Die Berliner sind nach der n\u00e4chsten Show ihres Superstars Mathias Gidsel dem historischen Titel ganz nah &#8211; in Euphorie will aber niemand verfallen.<\/p>\n<p>Mathias Gidsel stockte kurz. Er? Ein Au\u00dferirdischer? &#8222;Was hei\u00dft das?&#8220;, fragte der Matchwinner nach seiner n\u00e4chsten eindrucksvollen Gala verwundert am Dyn-Mikrofon und versicherte dann mit einem Grinsen: &#8222;Ich bin ein ganz kleiner Mensch aus D\u00e4nemark&#8220;. Schwer zu glauben angesichts der ganz pers\u00f6nlichen Rekord-Show des Welthandballers, der die F\u00fcchse Berlin so kurz vor dem Ziel mehr denn je von der ersten Meisterschaft der Vereinsgeschichte tr\u00e4umen l\u00e4sst.<\/p>\n","protected":false},"excerpt":{"rendered":"Die Berliner sind nach der n\u00e4chsten Show ihres Superstars Mathias Gidsel dem historischen Titel ganz nah &#8211; in&hellip;\n","protected":false},"author":2,"featured_media":151770,"comment_status":"","ping_status":"","sticky":false,"template":"","format":"standard","meta":{"footnotes":""},"categories":[1825],"tags":[296,29,2033,30,1391],"class_list":{"0":"post-151769","1":"post","2":"type-post","3":"status-publish","4":"format-standard","5":"has-post-thumbnail","7":"category-berlin","8":"tag-berlin","9":"tag-deutschland","10":"tag-features","11":"tag-germany","12":"tag-handball"},"share_on_mastodon":{"url":"","error":""},"_links":{"self":[{"href":"https:\/\/www.europesays.com\/de\/wp-json\/wp\/v2\/posts\/151769","targetHints":{"allow":["GET"]}}],"collection":[{"href":"https:\/\/www.europesays.com\/de\/wp-json\/wp\/v2\/posts"}],"about":[{"href":"https:\/\/www.europesays.com\/de\/wp-json\/wp\/v2\/types\/post"}],"author":[{"embeddable":true,"href":"https:\/\/www.europesays.com\/de\/wp-json\/wp\/v2\/users\/2"}],"replies":[{"embeddable":true,"href":"https:\/\/www.europesays.com\/de\/wp-json\/wp\/v2\/comments?post=151769"}],"version-history":[{"count":0,"href":"https:\/\/www.europesays.com\/de\/wp-json\/wp\/v2\/posts\/151769\/revisions"}],"wp:featuredmedia":[{"embeddable":true,"href":"https:\/\/www.europesays.com\/de\/wp-json\/wp\/v2\/media\/151770"}],"wp:attachment":[{"href":"https:\/\/www.europesays.com\/de\/wp-json\/wp\/v2\/media?parent=151769"}],"wp:term":[{"taxonomy":"category","embeddable":true,"href":"https:\/\/www.europesays.com\/de\/wp-json\/wp\/v2\/categories?post=151769"},{"taxonomy":"post_tag","embeddable":true,"href":"https:\/\/www.europesays.com\/de\/wp-json\/wp\/v2\/tags?post=151769"}],"curies":[{"name":"wp","href":"https:\/\/api.w.org\/{rel}","templated":true}]}}