{"id":151775,"date":"2025-05-30T14:59:09","date_gmt":"2025-05-30T14:59:09","guid":{"rendered":"https:\/\/www.europesays.com\/de\/151775\/"},"modified":"2025-05-30T14:59:09","modified_gmt":"2025-05-30T14:59:09","slug":"der-tag-neues-banksy-kunstwerk-aber-wo-befindet-es-sich","status":"publish","type":"post","link":"https:\/\/www.europesays.com\/de\/151775\/","title":{"rendered":"Der Tag: Neues Banksy-Kunstwerk &#8211; aber wo befindet es sich?"},"content":{"rendered":"<p>                    Der Tag<br \/>\n                Neues Banksy-Kunstwerk &#8211; aber wo befindet es sich?<\/p>\n<p>\t\t\t\t              30.05.2025, 15:18 Uhr<\/p>\n<p>Wer ist Banksy? Seit vielen Jahren wird ger\u00e4tselt, wer der Street-Art-K\u00fcnstler ist. Er lebt wohl in Gro\u00dfbritannien. Nun ist auf der <b>Instagram-Seite des K\u00fcnstlers <\/b>ein neues Kunstwerk aufgetaucht. &#8222;Ich m\u00f6chte das sein, was du in mir gesehen hast&#8220; steht dort neben einem Leuchtturm, der wohl der falsche Schatten eines Pollers am B\u00fcrgersteig sein soll. Nur wo befindet sich das Graffito? In sozialen Medien wird vermutet, dass sich das neue Banksy-Kunstwerk <b>im franz\u00f6sischen Marseille<\/b> befindet. Auch <b>Kanada <\/b>wird genannt. <\/p>\n","protected":false},"excerpt":{"rendered":"Der Tag Neues Banksy-Kunstwerk &#8211; aber wo befindet es sich? 30.05.2025, 15:18 Uhr Wer ist Banksy? Seit vielen&hellip;\n","protected":false},"author":2,"featured_media":151776,"comment_status":"","ping_status":"","sticky":false,"template":"","format":"standard","meta":{"footnotes":""},"categories":[1775],"tags":[1793,53912,282,29,214,30,1794,2059,1781,215],"class_list":{"0":"post-151775","1":"post","2":"type-post","3":"status-publish","4":"format-standard","5":"has-post-thumbnail","7":"category-kunst-und-design","8":"tag-art-and-design","9":"tag-banksy-kunstwerk","10":"tag-der","11":"tag-deutschland","12":"tag-entertainment","13":"tag-germany","14":"tag-kunst-und-design","15":"tag-neues","16":"tag-tag","17":"tag-unterhaltung"},"share_on_mastodon":{"url":"https:\/\/pubeurope.com\/@de\/114597381006841310","error":""},"_links":{"self":[{"href":"https:\/\/www.europesays.com\/de\/wp-json\/wp\/v2\/posts\/151775","targetHints":{"allow":["GET"]}}],"collection":[{"href":"https:\/\/www.europesays.com\/de\/wp-json\/wp\/v2\/posts"}],"about":[{"href":"https:\/\/www.europesays.com\/de\/wp-json\/wp\/v2\/types\/post"}],"author":[{"embeddable":true,"href":"https:\/\/www.europesays.com\/de\/wp-json\/wp\/v2\/users\/2"}],"replies":[{"embeddable":true,"href":"https:\/\/www.europesays.com\/de\/wp-json\/wp\/v2\/comments?post=151775"}],"version-history":[{"count":0,"href":"https:\/\/www.europesays.com\/de\/wp-json\/wp\/v2\/posts\/151775\/revisions"}],"wp:featuredmedia":[{"embeddable":true,"href":"https:\/\/www.europesays.com\/de\/wp-json\/wp\/v2\/media\/151776"}],"wp:attachment":[{"href":"https:\/\/www.europesays.com\/de\/wp-json\/wp\/v2\/media?parent=151775"}],"wp:term":[{"taxonomy":"category","embeddable":true,"href":"https:\/\/www.europesays.com\/de\/wp-json\/wp\/v2\/categories?post=151775"},{"taxonomy":"post_tag","embeddable":true,"href":"https:\/\/www.europesays.com\/de\/wp-json\/wp\/v2\/tags?post=151775"}],"curies":[{"name":"wp","href":"https:\/\/api.w.org\/{rel}","templated":true}]}}