{"id":151795,"date":"2025-05-30T15:09:08","date_gmt":"2025-05-30T15:09:08","guid":{"rendered":"https:\/\/www.europesays.com\/de\/151795\/"},"modified":"2025-05-30T15:09:08","modified_gmt":"2025-05-30T15:09:08","slug":"botschaft-an-macron-israels-verteidigungsminister-kuendigt-juedischen-staat-im-westjordanland-an","status":"publish","type":"post","link":"https:\/\/www.europesays.com\/de\/151795\/","title":{"rendered":"&#8222;Botschaft&#8220; an Macron: Israels Verteidigungsminister k\u00fcndigt j\u00fcdischen Staat im Westjordanland an"},"content":{"rendered":"<p>                    &#8222;Botschaft&#8220; an Macron<br \/>\n                Israels Verteidigungsminister k\u00fcndigt j\u00fcdischen Staat im Westjordanland an<\/p>\n<p>\t\t\t\t              30.05.2025, 14:31 Uhr<\/p>\n<p>\t\t\t\t\t       Artikel anh\u00f6ren<\/p>\n<p>\t\t\t\t\t\t\tDiese Audioversion wurde k\u00fcnstlich generiert. <a href=\"https:\/\/www.n-tv.de\/23249898\" target=\"_blank\" rel=\"noopener\">Mehr Infos<\/a><\/p>\n<p><strong>Am Donnerstag erkl\u00e4rt die israelische Regierung, im illegal besetzten Westjordanland 22 neue Siedlungen errichten zu wollen. Bei seinem heutigen Besuch in der Region provoziert Verteidigungsminister Katz Frankreichs Pr\u00e4sidenten Macron und andere Vermittlerstaaten.<\/strong><\/p>\n<p>Der israelische Verteidigungsminister Israel Katz hat die Errichtung eines israelischen Staates im besetzten Westjordanland angek\u00fcndigt. &#8222;Wir werden den j\u00fcdischen israelischen Staat hier auf diesem Boden errichten&#8220;, erkl\u00e4rte Katz bei einem Besuch im Norden des Pal\u00e4stinensergebiets. Am Donnerstag hatte die israelische Regierung den Bau von <a href=\"https:\/\/www.n-tv.de\/politik\/Israel-kuendigt-22-weitere-Siedlungen-im-Westjordanland-an-article25800913.html\" rel=\"Follow noopener\" target=\"_self\">22 neuen Siedlungen im besetzten Westjordanland<\/a> angek\u00fcndigt, obwohl dies nach internationalem Recht illegal ist.<\/p>\n<p>Katz bezeichnete seine Ank\u00fcndigung als &#8222;entschiedene Antwort auf die terroristischen Organisationen, die versuchen, unserer Kontrolle \u00fcber dieses Land zu schaden und sie zu schw\u00e4chen&#8220;. Au\u00dferdem handele es sich um &#8222;eine klare Botschaft&#8220; an Frankreichs Pr\u00e4sident Emmanuel &#8222;Macron und seine Partner&#8220;: &#8222;Sie werden einen Pal\u00e4stinenserstaat auf dem Papier anerkennen &#8211; aber wir werden den j\u00fcdischen israelischen hier auf diesem Boden errichten&#8220;, sagte Katz.<\/p>\n<p>Frankreich leitet gemeinsam mit Saudi-Arabien Mitte Juni eine internationale Konferenz zur Zweistaatenl\u00f6sung. Diese sieht die Schaffung eines eigenst\u00e4ndigen pal\u00e4stinensischen Staates neben Israel vor. Ohne klar zu sagen, ob Frankreich dabei einen Pal\u00e4stinenserstaat anerkennen w\u00fcrde, sagte Macron heute, dass die &#8222;Schaffung eines pal\u00e4stinensischen Staates&#8220; unter Bedingungen &#8222;nicht nur eine moralische Pflicht, sondern eine politische Notwendigkeit&#8220; sei.<\/p>\n<p>Macron forderte zudem eine h\u00e4rtere Haltung der Europ\u00e4er sowie westliche Sanktionen gegen\u00fcber Israel, sollte sich die Situation im Gazastreifen nicht zeitnah bessern. Seit dem Gro\u00dfangriff der Hamas auf Israel am 7. Oktober 2023 geht die israelische Armee in dem Pal\u00e4stinensergebiet massiv gegen die radikalislamische Terror-Organisation vor. Dabei kamen etliche Zivilisten ums Leben.<\/p>\n<\/p>\n<p>&#8222;Ort mit dem gr\u00f6\u00dften Hunger auf der Welt&#8220;<\/p>\n<p>Zudem sind alle Bewohnerinnen und Bewohner angesichts des anhaltenden Krieges von einer Hungersnot bedroht. Der Gazastreifen sei das einzige &#8222;fest umrissene Land oder Territorium auf der Welt, in dem die gesamte Bev\u00f6lkerung von Hunger bedroht ist&#8220;, sagte der Sprecher des UN-B\u00fcros f\u00fcr humanit\u00e4re Angelegenheiten (Ocha), Jens Laerke, in Genf. Der Gazastreifen sei damit &#8222;der Ort mit dem gr\u00f6\u00dften Hunger auf der Welt&#8220;.<\/p>\n<p>Israel hatte mit der Wiederaufnahme der Angriffe im Gazastreifen Anfang M\u00e4rz eine Blockade s\u00e4mtlicher humanit\u00e4ren Hilfslieferungen in das Pal\u00e4stinensergebiet verh\u00e4ngt, woraufhin Hilfsorganisationen wiederholt vor einer Hungersnot warnten. Am 19. M\u00e4rz wurde die Blockade nach massivem internationalem Druck aufgehoben, seitdem gelangt aber nur unzureichend Hilfe in das Gebiet.<\/p>\n<p>Laerke wies auf die Schwierigkeiten hin, denen die UNO bei der Lieferung humanit\u00e4rer Hilfe in die pal\u00e4stinensischen Gebiete gegen\u00fcberstehe. Seinen Angaben zufolge genehmigte Israel seit der Aufhebung der Blockade zwar 900 Lastwagen mit Hilfsg\u00fctern die \u00dcberquerung der Grenze, allerdings seien nur die Ladungen von 600 Lkw bisher im Gazastreifen zug\u00e4nglich und die Verteilung gestalte sich aufgrund der anhaltenden Angriffe schwierig.<\/p>\n","protected":false},"excerpt":{"rendered":"&#8222;Botschaft&#8220; an Macron Israels Verteidigungsminister k\u00fcndigt j\u00fcdischen Staat im Westjordanland an 30.05.2025, 14:31 Uhr Artikel anh\u00f6ren Diese Audioversion&hellip;\n","protected":false},"author":2,"featured_media":151796,"comment_status":"","ping_status":"","sticky":false,"template":"","format":"standard","meta":{"footnotes":""},"categories":[3],"tags":[410,13,411,412,14,19462,15,16,12,10,8,9,11,103,104,53921],"class_list":{"0":"post-151795","1":"post","2":"type-post","3":"status-publish","4":"format-standard","5":"has-post-thumbnail","7":"category-welt","8":"tag-hamas","9":"tag-headlines","10":"tag-israel","11":"tag-israel-krieg","12":"tag-nachrichten","13":"tag-nahost-konflikt","14":"tag-news","15":"tag-politik","16":"tag-schlagzeilen","17":"tag-top-news","18":"tag-top-meldungen","19":"tag-topmeldungen","20":"tag-topnews","21":"tag-welt","22":"tag-world","23":"tag-zweistaatenloesung"},"share_on_mastodon":{"url":"https:\/\/pubeurope.com\/@de\/114597420284425484","error":""},"_links":{"self":[{"href":"https:\/\/www.europesays.com\/de\/wp-json\/wp\/v2\/posts\/151795","targetHints":{"allow":["GET"]}}],"collection":[{"href":"https:\/\/www.europesays.com\/de\/wp-json\/wp\/v2\/posts"}],"about":[{"href":"https:\/\/www.europesays.com\/de\/wp-json\/wp\/v2\/types\/post"}],"author":[{"embeddable":true,"href":"https:\/\/www.europesays.com\/de\/wp-json\/wp\/v2\/users\/2"}],"replies":[{"embeddable":true,"href":"https:\/\/www.europesays.com\/de\/wp-json\/wp\/v2\/comments?post=151795"}],"version-history":[{"count":0,"href":"https:\/\/www.europesays.com\/de\/wp-json\/wp\/v2\/posts\/151795\/revisions"}],"wp:featuredmedia":[{"embeddable":true,"href":"https:\/\/www.europesays.com\/de\/wp-json\/wp\/v2\/media\/151796"}],"wp:attachment":[{"href":"https:\/\/www.europesays.com\/de\/wp-json\/wp\/v2\/media?parent=151795"}],"wp:term":[{"taxonomy":"category","embeddable":true,"href":"https:\/\/www.europesays.com\/de\/wp-json\/wp\/v2\/categories?post=151795"},{"taxonomy":"post_tag","embeddable":true,"href":"https:\/\/www.europesays.com\/de\/wp-json\/wp\/v2\/tags?post=151795"}],"curies":[{"name":"wp","href":"https:\/\/api.w.org\/{rel}","templated":true}]}}