{"id":151807,"date":"2025-05-30T15:15:10","date_gmt":"2025-05-30T15:15:10","guid":{"rendered":"https:\/\/www.europesays.com\/de\/151807\/"},"modified":"2025-05-30T15:15:10","modified_gmt":"2025-05-30T15:15:10","slug":"warum-ist-die-generation-ue80-das-lebenselixier-fuer-den-verein-halt","status":"publish","type":"post","link":"https:\/\/www.europesays.com\/de\/151807\/","title":{"rendered":"Warum ist die Generation \u00dc80 das Lebenselixier f\u00fcr den Verein Halt?"},"content":{"rendered":"<p class=\"bold\">\n\t\t\t\t\t\t\t\t\t\tKarin M\u00f6ckel und Gitta Seidel, beide \u00fcber 80, sind in der N\u00e4hstube unentbehrlich. Sie arbeiten aus Pflichtgef\u00fchl und f\u00fcr die Gemeinschaft. Doch wie sieht es mit der Wertsch\u00e4tzung des Ehrenamts aus?\t\t\t\t<\/p>\n<p>\t\t\t\t Die N\u00e4hstube im Verein Halt in Hohenstein-Ernstthal wird so gern in Anspruch genommen, dass dort insgesamt neun Ehrenamtliche bestens besch\u00e4ftigt sind. Kn\u00f6pfe ann\u00e4hen, R\u00f6cke weiter machen, Hosen k\u00fcrzen. Die Frauen in der N\u00e4hstube k\u00f6nnen das alles. Und sie machen die Arbeit gern. Trotzdem macht sich der Verein Sorgen. Denn viele der&#8230;<\/p>\n<p>\t\t<img decoding=\"async\" class=\"fp-plus-logo\" src=\"https:\/\/www.europesays.com\/de\/wp-content\/uploads\/2025\/04\/fpplus.svg.svg+xml\" alt=\"Freie Presse plus Logo\"\/><\/p>\n<p>Registrieren und testen.<\/p>\n<p>Jetzt mit Ihrer Registrierung 1 Monat gratis testen und alle Beitr\u00e4ge lesen.<\/p>\n<p>Schon Abonnent? Melden Sie sich mit ihren Zugangsdaten an.<\/p>\n","protected":false},"excerpt":{"rendered":"Karin M\u00f6ckel und Gitta Seidel, beide \u00fcber 80, sind in der N\u00e4hstube unentbehrlich. Sie arbeiten aus Pflichtgef\u00fchl und&hellip;\n","protected":false},"author":2,"featured_media":151808,"comment_status":"","ping_status":"","sticky":false,"template":"","format":"standard","meta":{"footnotes":""},"categories":[1851],"tags":[2770,3364,29,548,663,3934,30,13,2839,14,15,859,12],"class_list":{"0":"post-151807","1":"post","2":"type-post","3":"status-publish","4":"format-standard","5":"has-post-thumbnail","7":"category-chemnitz","8":"tag-chemnitz","9":"tag-de","10":"tag-deutschland","11":"tag-eu","12":"tag-europa","13":"tag-europe","14":"tag-germany","15":"tag-headlines","16":"tag-kommunalpolitik","17":"tag-nachrichten","18":"tag-news","19":"tag-sachsen","20":"tag-schlagzeilen"},"share_on_mastodon":{"url":"https:\/\/pubeurope.com\/@de\/114597443929325067","error":""},"_links":{"self":[{"href":"https:\/\/www.europesays.com\/de\/wp-json\/wp\/v2\/posts\/151807","targetHints":{"allow":["GET"]}}],"collection":[{"href":"https:\/\/www.europesays.com\/de\/wp-json\/wp\/v2\/posts"}],"about":[{"href":"https:\/\/www.europesays.com\/de\/wp-json\/wp\/v2\/types\/post"}],"author":[{"embeddable":true,"href":"https:\/\/www.europesays.com\/de\/wp-json\/wp\/v2\/users\/2"}],"replies":[{"embeddable":true,"href":"https:\/\/www.europesays.com\/de\/wp-json\/wp\/v2\/comments?post=151807"}],"version-history":[{"count":0,"href":"https:\/\/www.europesays.com\/de\/wp-json\/wp\/v2\/posts\/151807\/revisions"}],"wp:featuredmedia":[{"embeddable":true,"href":"https:\/\/www.europesays.com\/de\/wp-json\/wp\/v2\/media\/151808"}],"wp:attachment":[{"href":"https:\/\/www.europesays.com\/de\/wp-json\/wp\/v2\/media?parent=151807"}],"wp:term":[{"taxonomy":"category","embeddable":true,"href":"https:\/\/www.europesays.com\/de\/wp-json\/wp\/v2\/categories?post=151807"},{"taxonomy":"post_tag","embeddable":true,"href":"https:\/\/www.europesays.com\/de\/wp-json\/wp\/v2\/tags?post=151807"}],"curies":[{"name":"wp","href":"https:\/\/api.w.org\/{rel}","templated":true}]}}