{"id":151809,"date":"2025-05-30T15:16:28","date_gmt":"2025-05-30T15:16:28","guid":{"rendered":"https:\/\/www.europesays.com\/de\/151809\/"},"modified":"2025-05-30T15:16:28","modified_gmt":"2025-05-30T15:16:28","slug":"stadt-beginnt-am-2-juni-mit-markierung-von-radwegen","status":"publish","type":"post","link":"https:\/\/www.europesays.com\/de\/151809\/","title":{"rendered":"Stadt beginnt am 2. Juni mit Markierung von Radwegen"},"content":{"rendered":"<p>F\u00fcr die Sicherheit <\/p>\n<p>Diese Radwege werden neu in Szene gesetzt<\/p>\n<p>30.05.2025 &#8211; 14:35 UhrLesedauer: 1 Min.<\/p>\n<p><a href=\"#focus-0\" class=\"transition-colors duration-200 focus-within:text-magenta block text-current relative\" data-sctrack=\"FocusGalleryImage.Reference\"><img fetchpriority=\"high\" data-testid=\"Opener.Image\" style=\"--lqipURL:url('https:\/\/images.t-online.de\/2025\/05\/1cut7pMjXysl\/0x375:4000x2250\/fit-in\/150x0\/filters:blur(25)\/radweg-in-watenbuettel-dieser-wurde-rot-markiert.jpg')\"   loading=\"eager\" src=\"https:\/\/www.europesays.com\/de\/wp-content\/uploads\/2025\/05\/radweg-in-watenbuettel-dieser-wurde-rot-markiert.jpg\" alt=\"Stra\u00dfe in Watenb\u00fcttel: Die Strecke f\u00fcr Radfahrer wurde bereits rot markiert.\" title=\"Stra\u00dfe in Watenb\u00fcttel: Die Strecke f\u00fcr Radfahrer wurde bereits rot markiert.\" width=\"4000\" height=\"2250\" class=\"bg-[url:var(--lqipURL)] bg-cover bg-center flex w-full max-w-full h-full\" decoding=\"async\"\/><img style=\"--width:32;--height:32\" loading=\"lazy\" src=\"https:\/\/www.europesays.com\/de\/wp-content\/uploads\/2025\/05\/zoom-in.f7dae02f.svg.svg+xml\" alt=\"Vergr\u00f6\u00dfern des Bildes\" title=\"Vergr\u00f6\u00dfern des Bildes\" class=\"&#10;        block&#10;        h-[calc(var(--height)_\/_16_*_1rem)]&#10;        w-[calc(var(--width)_\/_16_*_1rem)]&#10;        max-w-none&#10;        absolute bottom-8 right-8 rounded-4 bg-snow p-8\" decoding=\"async\"\/><\/a><\/p>\n<p>Stra\u00dfe in Watenb\u00fcttel: Die Strecke f\u00fcr Radfahrer wurde bereits rot markiert. (Quelle: Katharina Keller\/-t-online)<\/p>\n<p class=\"font-bold text-18 leading-17\">Es geht um die Sicherheit der Radfahrer in Braunschweig: Mit dieser Ma\u00dfnahme will sie die Stadt erh\u00f6hen.<\/p>\n<p class=\"text-18 leading-17\">Um die Sicherheit f\u00fcr Radfahrer zu erh\u00f6hen, f\u00e4rbt die Stadt <a class=\"transition-colors duration-200 cursor-pointer text-inherit no-underline text-salemsfur md:hover:text-magenta md:hover:border-magenta md:focus:text-magenta border-current border-b border-solid break-words\" href=\"https:\/\/www.t-online.de\/themen\/braunschweig\/\" data-sctrack=\"BodyAnchor\" target=\"_blank\" rel=\"noopener\">Braunschweig<\/a> auch in diesem Jahr weitere Radverkehrsanlagen rot ein. Das teilt die Verwaltung mit. Dadurch m\u00f6chte die Stadt auf die Gefahrenstellen f\u00fcr das Fahrrad im <a class=\"transition-colors duration-200 cursor-pointer text-inherit no-underline text-salemsfur md:hover:text-magenta md:hover:border-magenta md:focus:text-magenta border-current border-b border-solid break-words\" href=\"https:\/\/www.t-online.de\/themen\/strassenverkehr\/\" data-sctrack=\"BodyAnchor\" target=\"_blank\" rel=\"noopener\">Stra\u00dfenverkehr<\/a> aufmerksam machen. Von Juni bis September soll eingef\u00e4rbt werden. Diese Radwegfurten in folgenden Stra\u00dfen werden dann rot markiert:<\/p>\n<p class=\"text-18 leading-17\">Dar\u00fcber hinaus sind folgende Schutzstreifen Teil des Vorhabens, teilt die Stadt Braunschweig weiter mit:<\/p>\n<p class=\"text-18 leading-17\">Die Aufstellfl\u00e4chen und Zuf\u00fchrungen von der Kastanienallee bis zur Herzogin-Elisabeth-Stra\u00dfe werden ebenfalls rot. Dar\u00fcber hinaus nimmt die Stadt Braunschweig nach eigenem Bekunden auch Stra\u00dfenteile auf, an denen sich die Unf\u00e4lle mit Fahrradbeteiligung h\u00e4uften. Das sind folgende:<\/p>\n<p class=\"text-18 leading-17\">Die Arbeiten starten am Montag, 2. Juni, mit den ersten Vorhaben. Die Stadt erkl\u00e4rt, dass die Arbeiten jeweils innerhalb eines Tages abgeschlossen sein werden. Im Anschluss werden bei ausgew\u00e4hlten Fl\u00e4chen Radfahrpiktogramme und Richtungspfeile auf die Fl\u00e4che aufgetragen beziehungsweise wiederhergestellt.<\/p>\n","protected":false},"excerpt":{"rendered":"F\u00fcr die Sicherheit Diese Radwege werden neu in Szene gesetzt 30.05.2025 &#8211; 14:35 UhrLesedauer: 1 Min. Stra\u00dfe in&hellip;\n","protected":false},"author":2,"featured_media":151810,"comment_status":"","ping_status":"","sticky":false,"template":"","format":"standard","meta":{"footnotes":""},"categories":[1850],"tags":[17682,24023,6429,53922,3364,29,42294,548,663,3934,1234,30,13,14,15,1411,8733,12,53923],"class_list":{"0":"post-151809","1":"post","2":"type-post","3":"status-publish","4":"format-standard","5":"has-post-thumbnail","7":"category-braunschweig","8":"tag-ackerstrasse","9":"tag-berliner-strasse","10":"tag-braunschweig","11":"tag-celleer-strasse","12":"tag-de","13":"tag-deutschland","14":"tag-elbestrasse","15":"tag-eu","16":"tag-europa","17":"tag-europe","18":"tag-fahrrad","19":"tag-germany","20":"tag-headlines","21":"tag-nachrichten","22":"tag-news","23":"tag-niedersachsen","24":"tag-radweg","25":"tag-schlagzeilen","26":"tag-watenbuettel"},"share_on_mastodon":{"url":"https:\/\/pubeurope.com\/@de\/114597447935696606","error":""},"_links":{"self":[{"href":"https:\/\/www.europesays.com\/de\/wp-json\/wp\/v2\/posts\/151809","targetHints":{"allow":["GET"]}}],"collection":[{"href":"https:\/\/www.europesays.com\/de\/wp-json\/wp\/v2\/posts"}],"about":[{"href":"https:\/\/www.europesays.com\/de\/wp-json\/wp\/v2\/types\/post"}],"author":[{"embeddable":true,"href":"https:\/\/www.europesays.com\/de\/wp-json\/wp\/v2\/users\/2"}],"replies":[{"embeddable":true,"href":"https:\/\/www.europesays.com\/de\/wp-json\/wp\/v2\/comments?post=151809"}],"version-history":[{"count":0,"href":"https:\/\/www.europesays.com\/de\/wp-json\/wp\/v2\/posts\/151809\/revisions"}],"wp:featuredmedia":[{"embeddable":true,"href":"https:\/\/www.europesays.com\/de\/wp-json\/wp\/v2\/media\/151810"}],"wp:attachment":[{"href":"https:\/\/www.europesays.com\/de\/wp-json\/wp\/v2\/media?parent=151809"}],"wp:term":[{"taxonomy":"category","embeddable":true,"href":"https:\/\/www.europesays.com\/de\/wp-json\/wp\/v2\/categories?post=151809"},{"taxonomy":"post_tag","embeddable":true,"href":"https:\/\/www.europesays.com\/de\/wp-json\/wp\/v2\/tags?post=151809"}],"curies":[{"name":"wp","href":"https:\/\/api.w.org\/{rel}","templated":true}]}}