{"id":151811,"date":"2025-05-30T15:17:17","date_gmt":"2025-05-30T15:17:17","guid":{"rendered":"https:\/\/www.europesays.com\/de\/151811\/"},"modified":"2025-05-30T15:17:17","modified_gmt":"2025-05-30T15:17:17","slug":"verletzte-radfahrer-nach-alkoholbedingten-unfaellen","status":"publish","type":"post","link":"https:\/\/www.europesays.com\/de\/151811\/","title":{"rendered":"Verletzte Radfahrer nach alkoholbedingten Unf\u00e4llen"},"content":{"rendered":"<p class=\"text_ohne_einzug richtext text-em-55 !leading-serif mx-6 desktop:mx-0\">Gleich f\u00fcnf schwerere Fahrradunf\u00e4lle verzeichnete die <a href=\"https:\/\/rp-online.de\/thema\/polizei\/\" rel=\"nofollow noopener\" target=\"_blank\">Polizei<\/a> am Feiertag, Donnerstag 29. Mai. Neben dem Unfall, bei dem ein 56-j\u00e4hriger Radfahrer starb (<a href=\"https:\/\/rp-online.de\/nrw\/staedte\/viersen\/viersen-56-jaehriger-mann-stirbt-nach-einem-fahrradsturz_aid-128448885\" target=\"_blank\" rel=\"nofollow noopener\">wir berichteten gesondert<\/a>), hat es an <a href=\"https:\/\/rp-online.de\/thema\/christi-himmelfahrt\/\" rel=\"nofollow noopener\" target=\"_blank\">Christi Himmelfahrt<\/a> vier weitere Unf\u00e4lle mit verletzten Radfahrern gegeben.<\/p>\n<p class=\"richtext text-em-55 !leading-serif mx-6 desktop:mx-0\">Gegen 18.55 Uhr st\u00fcrzte ein 63-j\u00e4hriger Viersener mit seinem Rad auf der Eichenstra\u00dfe in <a href=\"https:\/\/rp-online.de\/thema\/viersen\/\" rel=\"nofollow noopener\" target=\"_blank\">Viersen<\/a>. Ein Alkoholtest ergab bei ihm einen Wert von knapp 1,7 Promille. Er verletzte sich so schwer, dass er zur station\u00e4ren Behandlung in ein Krankenhaus gebracht werden musste.<\/p>\n<p class=\"richtext text-em-55 !leading-serif mx-6 desktop:mx-0\">Kurz nach 20 Uhr fuhr dann ein 43-j\u00e4hriger Willicher auf der Venloer Stra\u00dfe gegen eine ge\u00f6ffnete Autot\u00fcr, verlor dabei die Kontrolle \u00fcber sein Pedelec und st\u00fcrzte. Er lehnte einen Atemalkoholtest ab. Die Polizisten bemerkten allerdings, dass der Mann durchaus Alkohol getrunken hatte und schickten ihn zur Blutprobe. Sein Pedelec wurde sichergestellt. Eine \u00e4rztliche Behandlung lehnte er trotz sichtbarer Verletzungen ab.<\/p>\n<p class=\"richtext text-em-55 !leading-serif mx-6 desktop:mx-0\">An einem Unfall auf der Landstra\u00dfe in Hinsbeck waren gleich zwei Fahrradfahrende beteiligt \u2013 eine 57-j\u00e4hrige Frau und ein 50-j\u00e4hriger Mann, beide aus <a href=\"https:\/\/rp-online.de\/thema\/nettetal\/\" rel=\"nofollow noopener\" target=\"_blank\">Nettetal<\/a>. Die beiden kamen sich gegen 23.45 Uhr auf dem in beide Fahrtrichtungen zugelassenen Radweg entgegen. Obwohl beide Licht an hatten und sich gegenseitig wahrgenommen hatten, kam es zum Frontalzusammensto\u00df, bei dem beide leicht verletzt wurden. Ihre Alkoholtests ergaben knapp unter 1,6 Promille bei der Frau, knapp dr\u00fcber bei dem Mann.<\/p>\n<p class=\"richtext text-em-55 !leading-serif mx-6 desktop:mx-0\">Der letzte Fahrradunfall war dann nach Mitternacht. Gegen 0.20 Uhr verlor ein 56-j\u00e4hriger Schwalmtaler auf der Gladbacher Stra\u00dfe in Waldniel die Kontrolle \u00fcber sein Fahrrad. Er st\u00fcrzte und besch\u00e4digte dabei ein geparktes Auto. Ein Atemalkoholtest war nicht m\u00f6glich, allerdings wurde ihm eine Blutprobe entnommen. In allen F\u00e4llen wird sich das Stra\u00dfenverkehrsamt mit den Unf\u00e4llen befassen und pr\u00fcfen, ob vielleicht der F\u00fchrerschein in Gefahr ist. Denn ab einem Blutalkoholwert von 1,6 Promille gilt auch ein Fahrradfahrer als absolut fahrunt\u00fcchtig.<\/p>\n","protected":false},"excerpt":{"rendered":"Gleich f\u00fcnf schwerere Fahrradunf\u00e4lle verzeichnete die Polizei am Feiertag, Donnerstag 29. Mai. Neben dem Unfall, bei dem ein&hellip;\n","protected":false},"author":2,"featured_media":151812,"comment_status":"","ping_status":"","sticky":false,"template":"","format":"standard","meta":{"footnotes":""},"categories":[1849],"tags":[10533,3364,29,548,663,3934,1234,6112,32811,53925,2415,30,13,18273,30680,4455,14,15,1209,8037,2465,12,53924,1284,2624,18183],"class_list":{"0":"post-151811","1":"post","2":"type-post","3":"status-publish","4":"format-standard","5":"has-post-thumbnail","7":"category-moenchengladbach","8":"tag-blutprobe","9":"tag-de","10":"tag-deutschland","11":"tag-eu","12":"tag-europa","13":"tag-europe","14":"tag-fahrrad","15":"tag-fahrradfahrer","16":"tag-fahrradunfall","17":"tag-fahrradunfaelle","18":"tag-feiertag","19":"tag-germany","20":"tag-headlines","21":"tag-jaehriger","22":"tag-knapp","23":"tag-moenchengladbach","24":"tag-nachrichten","25":"tag-news","26":"tag-nordrhein-westfalen","27":"tag-promille","28":"tag-radfahrer","29":"tag-schlagzeilen","30":"tag-stuerzte","31":"tag-unfall","32":"tag-unfaelle","33":"tag-viersen"},"share_on_mastodon":{"url":"https:\/\/pubeurope.com\/@de\/114597451850563424","error":""},"_links":{"self":[{"href":"https:\/\/www.europesays.com\/de\/wp-json\/wp\/v2\/posts\/151811","targetHints":{"allow":["GET"]}}],"collection":[{"href":"https:\/\/www.europesays.com\/de\/wp-json\/wp\/v2\/posts"}],"about":[{"href":"https:\/\/www.europesays.com\/de\/wp-json\/wp\/v2\/types\/post"}],"author":[{"embeddable":true,"href":"https:\/\/www.europesays.com\/de\/wp-json\/wp\/v2\/users\/2"}],"replies":[{"embeddable":true,"href":"https:\/\/www.europesays.com\/de\/wp-json\/wp\/v2\/comments?post=151811"}],"version-history":[{"count":0,"href":"https:\/\/www.europesays.com\/de\/wp-json\/wp\/v2\/posts\/151811\/revisions"}],"wp:featuredmedia":[{"embeddable":true,"href":"https:\/\/www.europesays.com\/de\/wp-json\/wp\/v2\/media\/151812"}],"wp:attachment":[{"href":"https:\/\/www.europesays.com\/de\/wp-json\/wp\/v2\/media?parent=151811"}],"wp:term":[{"taxonomy":"category","embeddable":true,"href":"https:\/\/www.europesays.com\/de\/wp-json\/wp\/v2\/categories?post=151811"},{"taxonomy":"post_tag","embeddable":true,"href":"https:\/\/www.europesays.com\/de\/wp-json\/wp\/v2\/tags?post=151811"}],"curies":[{"name":"wp","href":"https:\/\/api.w.org\/{rel}","templated":true}]}}