{"id":151818,"date":"2025-05-30T15:21:09","date_gmt":"2025-05-30T15:21:09","guid":{"rendered":"https:\/\/www.europesays.com\/de\/151818\/"},"modified":"2025-05-30T15:21:09","modified_gmt":"2025-05-30T15:21:09","slug":"mithu-sanyal-beim-inselsommer-fuer-eine-politik-der-liebe-ludwigshafen","status":"publish","type":"post","link":"https:\/\/www.europesays.com\/de\/151818\/","title":{"rendered":"Mithu Sanyal beim Inselsommer: F\u00fcr eine Politik der Liebe &#8211; Ludwigshafen"},"content":{"rendered":"<p class=\"rhp-dpa-teaser\"><b>Viele Jahre hat Eleonore Hefner den Inselsommer, diesen bunten Veranstaltungsreigen f\u00fcr die ganze Familie auf der Ludwigshafener Parkinsel, organisiert.<\/b><\/p>\n<p> Vor drei Jahren hat sie sich daraus zur\u00fcckgezogen und macht sich seitdem f\u00fcr Demokratie stark. Jetzt hat sie Mithu Sanyal, Bloch-Preistr\u00e4gerin des Jahres 2022, f\u00fcr eine Rede <\/p>\n<p class=\"\">Bitte loggen Sie sich ein um den Artikel im Klartext zu sehen.<\/p>\n<p class=\"\">fua dme sIemeslmnor gn.eenonw<\/p>\n<p class=\"\">uo&amp;bHdu;eqet sti aTg red aoeDrtdl;eq!ui&amp;mko oS irfe es die ewi mirme rehs &amp;ruiurm;ehgl Elooreen freneH vno der umb;neiT&amp;ulr dem trech ezenarclhhi kiuPmblu ufa red sWiee am uefnheirR u.z sDa arw er zraw ihtn,c rabe se arw e,gFartei udn wzar irhtsiC r<\/p>\n","protected":false},"excerpt":{"rendered":"Viele Jahre hat Eleonore Hefner den Inselsommer, diesen bunten Veranstaltungsreigen f\u00fcr die ganze Familie auf der Ludwigshafener Parkinsel,&hellip;\n","protected":false},"author":2,"featured_media":151819,"comment_status":"","ping_status":"","sticky":false,"template":"","format":"standard","meta":{"footnotes":""},"categories":[1845],"tags":[186,1634,28331,3364,29,53927,53928,548,663,3934,30,13,53926,4060,25476,2096,53929,18967,14,15,5206,12,184,26],"class_list":{"0":"post-151818","1":"post","2":"type-post","3":"status-publish","4":"format-standard","5":"has-post-thumbnail","7":"category-mannheim","8":"tag-afd","9":"tag-baden-wuerttemberg","10":"tag-christi-himmelfahrt","11":"tag-de","12":"tag-deutschland","13":"tag-eleonore-hefner","14":"tag-ernst-bloch-preis","15":"tag-eu","16":"tag-europa","17":"tag-europe","18":"tag-germany","19":"tag-headlines","20":"tag-inselsommer","21":"tag-lokal","22":"tag-ludwigshafen","23":"tag-mannheim","24":"tag-mirjam-alberti","25":"tag-mithu-sanyal","26":"tag-nachrichten","27":"tag-news","28":"tag-rhein","29":"tag-schlagzeilen","30":"tag-spd","31":"tag-un"},"share_on_mastodon":{"url":"https:\/\/pubeurope.com\/@de\/114597467619060152","error":""},"_links":{"self":[{"href":"https:\/\/www.europesays.com\/de\/wp-json\/wp\/v2\/posts\/151818","targetHints":{"allow":["GET"]}}],"collection":[{"href":"https:\/\/www.europesays.com\/de\/wp-json\/wp\/v2\/posts"}],"about":[{"href":"https:\/\/www.europesays.com\/de\/wp-json\/wp\/v2\/types\/post"}],"author":[{"embeddable":true,"href":"https:\/\/www.europesays.com\/de\/wp-json\/wp\/v2\/users\/2"}],"replies":[{"embeddable":true,"href":"https:\/\/www.europesays.com\/de\/wp-json\/wp\/v2\/comments?post=151818"}],"version-history":[{"count":0,"href":"https:\/\/www.europesays.com\/de\/wp-json\/wp\/v2\/posts\/151818\/revisions"}],"wp:featuredmedia":[{"embeddable":true,"href":"https:\/\/www.europesays.com\/de\/wp-json\/wp\/v2\/media\/151819"}],"wp:attachment":[{"href":"https:\/\/www.europesays.com\/de\/wp-json\/wp\/v2\/media?parent=151818"}],"wp:term":[{"taxonomy":"category","embeddable":true,"href":"https:\/\/www.europesays.com\/de\/wp-json\/wp\/v2\/categories?post=151818"},{"taxonomy":"post_tag","embeddable":true,"href":"https:\/\/www.europesays.com\/de\/wp-json\/wp\/v2\/tags?post=151818"}],"curies":[{"name":"wp","href":"https:\/\/api.w.org\/{rel}","templated":true}]}}