{"id":151834,"date":"2025-05-30T15:29:14","date_gmt":"2025-05-30T15:29:14","guid":{"rendered":"https:\/\/www.europesays.com\/de\/151834\/"},"modified":"2025-05-30T15:29:14","modified_gmt":"2025-05-30T15:29:14","slug":"gwg-chef-oliver-zier-ueber-die-wuppertaler-wohnungswirtschaft-und-erwartungen-an-die-neue-regierung","status":"publish","type":"post","link":"https:\/\/www.europesays.com\/de\/151834\/","title":{"rendered":"GWG-Chef Oliver Zier \u00fcber die Wuppertaler Wohnungswirtschaft und Erwartungen an die neue Regierung"},"content":{"rendered":"<p class=\"text_ohne_einzug richtext text-em-55 !leading-serif mx-6 desktop:mx-0\">Die Bauwirtschaft ist so gut wie zum Erliegen gekommen, das ist auch in Wuppertal sp\u00fcrbar. Mit der neuen Bundesregierung gibt es auch da die Hoffnung, dass es bald bergauf geht. F\u00fcr welche Voraussetzungen die gro\u00dfe Koalition nun sorgen muss, welches Tempo es braucht und warum die Bauwirtschaft in Wuppertal eine Besondere ist, dar\u00fcber spricht Oliver Zier, der die Gesch\u00e4fte der gwg wuppertal leitet, im WZ-Interview.<\/p>\n","protected":false},"excerpt":{"rendered":"Die Bauwirtschaft ist so gut wie zum Erliegen gekommen, das ist auch in Wuppertal sp\u00fcrbar. Mit der neuen&hellip;\n","protected":false},"author":2,"featured_media":151835,"comment_status":"","ping_status":"","sticky":false,"template":"","format":"standard","meta":{"footnotes":""},"categories":[1840],"tags":[15128,22729,7600,1173,3364,29,53932,30,2134,1209,6443,53931,53933,626,2192,4418,53930],"class_list":{"0":"post-151834","1":"post","2":"type-post","3":"status-publish","4":"format-standard","5":"has-post-thumbnail","7":"category-wuppertal","8":"tag-motor","9":"tag-aufbruch","10":"tag-bauen","11":"tag-bundesregierung","12":"tag-de","13":"tag-deutschland","14":"tag-finanzierungsstruktur","15":"tag-germany","16":"tag-interview","17":"tag-nordrhein-westfalen","18":"tag-oliver","19":"tag-rahmenbedingungen","20":"tag-refinanzieren","21":"tag-wohnung","22":"tag-wohnungsbau","23":"tag-wuppertal","24":"tag-zier"},"share_on_mastodon":{"url":"https:\/\/pubeurope.com\/@de\/114597498944270552","error":""},"_links":{"self":[{"href":"https:\/\/www.europesays.com\/de\/wp-json\/wp\/v2\/posts\/151834","targetHints":{"allow":["GET"]}}],"collection":[{"href":"https:\/\/www.europesays.com\/de\/wp-json\/wp\/v2\/posts"}],"about":[{"href":"https:\/\/www.europesays.com\/de\/wp-json\/wp\/v2\/types\/post"}],"author":[{"embeddable":true,"href":"https:\/\/www.europesays.com\/de\/wp-json\/wp\/v2\/users\/2"}],"replies":[{"embeddable":true,"href":"https:\/\/www.europesays.com\/de\/wp-json\/wp\/v2\/comments?post=151834"}],"version-history":[{"count":0,"href":"https:\/\/www.europesays.com\/de\/wp-json\/wp\/v2\/posts\/151834\/revisions"}],"wp:featuredmedia":[{"embeddable":true,"href":"https:\/\/www.europesays.com\/de\/wp-json\/wp\/v2\/media\/151835"}],"wp:attachment":[{"href":"https:\/\/www.europesays.com\/de\/wp-json\/wp\/v2\/media?parent=151834"}],"wp:term":[{"taxonomy":"category","embeddable":true,"href":"https:\/\/www.europesays.com\/de\/wp-json\/wp\/v2\/categories?post=151834"},{"taxonomy":"post_tag","embeddable":true,"href":"https:\/\/www.europesays.com\/de\/wp-json\/wp\/v2\/tags?post=151834"}],"curies":[{"name":"wp","href":"https:\/\/api.w.org\/{rel}","templated":true}]}}