{"id":151842,"date":"2025-05-30T15:33:12","date_gmt":"2025-05-30T15:33:12","guid":{"rendered":"https:\/\/www.europesays.com\/de\/151842\/"},"modified":"2025-05-30T15:33:12","modified_gmt":"2025-05-30T15:33:12","slug":"wadephul-rechnet-nicht-mit-niederlage-russlands","status":"publish","type":"post","link":"https:\/\/www.europesays.com\/de\/151842\/","title":{"rendered":"Wadephul rechnet nicht mit Niederlage Russlands"},"content":{"rendered":"<p>Newsblog zum Ukraine-Krieg <\/p>\n<p>Wadephul: Komplette Niederlage Russlands unrealistisch<\/p>\n<p>Aktualisiert am 30.05.2025 &#8211; 17:11 UhrLesedauer: 21 Min.<\/p>\n<p><a href=\"#focus-0\" class=\"transition-colors duration-200 focus-within:text-magenta block text-current relative\" data-sctrack=\"FocusGalleryImage.Reference\"><img fetchpriority=\"high\" data-testid=\"Opener.Image\" style=\"--lqipURL:url('https:\/\/images.t-online.de\/2025\/05\/Q8b1CP33uE-1\/208x168:1605x903\/fit-in\/150x0\/filters:blur(25)\/wir-geben-dem-syrischen-regime-eine-chance-sagte-der-deutsche-aussenminister-johann-wadephul.jpg')\"   loading=\"eager\" src=\"https:\/\/www.europesays.com\/de\/wp-content\/uploads\/2025\/05\/wir-geben-dem-syrischen-regime-eine-chance-sagte-der-deutsche-aussenminister-johann-wadephul.jpg\" alt=\"EU-Au\u00dfenminister treffen sich in Br\u00fcssel\" title=\"EU-Au\u00dfenminister treffen sich in Br\u00fcssel\" width=\"1605\" height=\"903\" class=\"bg-[url:var(--lqipURL)] bg-cover bg-center flex w-full max-w-full h-full\" decoding=\"async\"\/><img style=\"--width:32;--height:32\" loading=\"lazy\" src=\"https:\/\/www.europesays.com\/de\/wp-content\/uploads\/2025\/05\/zoom-in.f7dae02f.svg.svg+xml\" alt=\"Vergr\u00f6\u00dfern des Bildes\" title=\"Vergr\u00f6\u00dfern des Bildes\" class=\"&#10;        block&#10;        h-[calc(var(--height)_\/_16_*_1rem)]&#10;        w-[calc(var(--width)_\/_16_*_1rem)]&#10;        max-w-none&#10;        absolute bottom-8 right-8 rounded-4 bg-snow p-8\" decoding=\"async\"\/><\/a><\/p>\n<p>Au\u00dfenminister Johann Wadephul (CDU): &#8222;Wir haben uns jetzt ein wenig ehrlicher gemacht&#8220;. (Quelle: Virginia Mayo\/AP\/dpa\/dpa-bilder)<\/p>\n<p class=\"font-bold text-18 leading-17\">Der Au\u00dfenminister glaubt an eine Verhandlungsl\u00f6sung f\u00fcr die Ukraine. Kiews Botschafter lobt die Beziehung zu Deutschland. Alle Entwicklungen im Newsblog.<\/p>\n<p class=\"text-18 leading-17\">Au\u00dfenminister Johann Wadephul hat betont, dass das Kriegsziel in der <a class=\"transition-colors duration-200 cursor-pointer text-inherit no-underline text-salemsfur md:hover:text-magenta md:hover:border-magenta md:focus:text-magenta border-current border-b border-solid break-words\" href=\"https:\/\/www.t-online.de\/themen\/ukraine\/\" data-sctrack=\"BodyAnchor\" rel=\"nofollow noopener\" target=\"_blank\">Ukraine<\/a> nicht eine milit\u00e4rische Niederlage Russlands sein k\u00f6nne. &#8222;Aus meiner Sicht war von Anfang an klar, dass dieser Krieg h\u00f6chstwahrscheinlich durch eine Verhandlungsl\u00f6sung beendet werden wird&#8220;, sagte der CDU-Politiker der &#8222;S\u00fcddeutschen Zeitung&#8220;. &#8222;Denn eines stimmt schon \u2013 dass eine komplette Niederlage im Sinne einer Kapitulation des atomar bewaffneten <a class=\"transition-colors duration-200 cursor-pointer text-inherit no-underline text-salemsfur md:hover:text-magenta md:hover:border-magenta md:focus:text-magenta border-current border-b border-solid break-words\" href=\"https:\/\/www.t-online.de\/themen\/russland\/\" data-sctrack=\"BodyAnchor\" rel=\"nofollow noopener\" target=\"_blank\">Russland<\/a> nicht erwartet werden konnte. Insofern haben wir uns jetzt ein wenig ehrlicher gemacht&#8220;, f\u00fcgte der Au\u00dfenminister hinzu.<\/p>\n<p class=\"text-18 leading-17\">Die fr\u00fchere Au\u00dfenministerin <a class=\"transition-colors duration-200 cursor-pointer text-inherit no-underline text-salemsfur md:hover:text-magenta md:hover:border-magenta md:focus:text-magenta border-current border-b border-solid break-words\" href=\"https:\/\/www.t-online.de\/themen\/annalena-baerbock\/\" data-sctrack=\"BodyAnchor\" rel=\"nofollow noopener\" target=\"_blank\">Annalena Baerbock<\/a> (Gr\u00fcne) hatte noch von einem n\u00f6tigen Sieg \u00fcber Russland gesprochen. Der fr\u00fchere Kanzler <a class=\"transition-colors duration-200 cursor-pointer text-inherit no-underline text-salemsfur md:hover:text-magenta md:hover:border-magenta md:focus:text-magenta border-current border-b border-solid break-words\" href=\"https:\/\/www.t-online.de\/themen\/olaf-scholz\/\" data-sctrack=\"BodyAnchor\" rel=\"nofollow noopener\" target=\"_blank\">Olaf Scholz<\/a> (SPD) hatte dagegen immer davon gesprochen, dass die Ukraine den Krieg nicht verlieren d\u00fcrfe. Es gehe darum, dass sich die Ukraine erfolgreich gegen Russlands Aggression zur Wehr setzen k\u00f6nne, sagte Wadephul. Es gebe die Chance f\u00fcr die Ukraine, aus einer starken Verhandlungsposition auch stark hervorzugehen. &#8222;F\u00fcr uns ist wichtig, dass die Ukraine diese Entscheidung trifft und sie nicht \u00fcber ihre K\u00f6pfe hinweg durch andere getroffen wird.&#8220;<\/p>\n<p class=\"text-18 leading-17\">Wadephul, der am Mittwoch f\u00fcr seinen Antrittsbesuch bei seinem US-Kollegen Marco Rubio in <a class=\"transition-colors duration-200 cursor-pointer text-inherit no-underline text-salemsfur md:hover:text-magenta md:hover:border-magenta md:focus:text-magenta border-current border-b border-solid break-words\" href=\"https:\/\/www.t-online.de\/themen\/washington\/\" data-sctrack=\"BodyAnchor\" rel=\"nofollow noopener\" target=\"_blank\">Washington<\/a> war, \u00e4u\u00dferte sich zuversichtlich, dass auch die <a class=\"transition-colors duration-200 cursor-pointer text-inherit no-underline text-salemsfur md:hover:text-magenta md:hover:border-magenta md:focus:text-magenta border-current border-b border-solid break-words\" href=\"https:\/\/www.t-online.de\/themen\/usa\/\" data-sctrack=\"BodyAnchor\" rel=\"nofollow noopener\" target=\"_blank\">USA<\/a> einen neuen Sanktionsweg gegen Russland mitgehen. &#8222;Das Sanktionspaket von US-Senator <a class=\"transition-colors duration-200 cursor-pointer text-inherit no-underline text-salemsfur md:hover:text-magenta md:hover:border-magenta md:focus:text-magenta border-current border-b border-solid break-words\" href=\"https:\/\/www.t-online.de\/themen\/lindsey-graham\/\" data-sctrack=\"BodyAnchor\" rel=\"nofollow noopener\" target=\"_blank\">Lindsey Graham<\/a>, das im Senat 80 Unterst\u00fctzer hat, wird mit seiner Zustimmung geschn\u00fcrt&#8220;, sagte der Au\u00dfenminister mit Blick auf US-Pr\u00e4sident <a class=\"transition-colors duration-200 cursor-pointer text-inherit no-underline text-salemsfur md:hover:text-magenta md:hover:border-magenta md:focus:text-magenta border-current border-b border-solid break-words\" href=\"https:\/\/www.t-online.de\/themen\/donald-trump\/\" data-sctrack=\"BodyAnchor\" rel=\"nofollow noopener\" target=\"_blank\">Donald Trump<\/a>. Trump selbst habe mehrfach Sanktionen angek\u00fcndigt und sei jetzt ver\u00e4rgert \u00fcber den russischen Pr\u00e4sidenten, weil Russland die Ukraine immer weiter angreife. &#8222;Ich kann mir nicht vorstellen, dass er die Sache auf sich beruhen l\u00e4sst.&#8220;<\/p>\n<p class=\"text-18 leading-17\">Der Ukraine-Gesandte der USA, Keith Kellogg, hat Verst\u00e4ndnis f\u00fcr die russische Forderung nach einem Ende der Nato-Osterweiterung ge\u00e4u\u00dfert. &#8222;Das ist ein berechtigtes Anliegen&#8220;, sagte Kellogg dem US-Sender ABC News auf eine Frage zu einem Reuters-Bericht, wonach Russland eine schriftliche Zusage fordere, dass sich die <a class=\"transition-colors duration-200 cursor-pointer text-inherit no-underline text-salemsfur md:hover:text-magenta md:hover:border-magenta md:focus:text-magenta border-current border-b border-solid break-words\" href=\"https:\/\/www.t-online.de\/themen\/nato\/\" data-sctrack=\"BodyAnchor\" rel=\"nofollow noopener\" target=\"_blank\">Nato<\/a> nicht weiter nach Osten ausdehne.<\/p>\n<p class=\"text-18 leading-17\">Zudem bekr\u00e4ftigte Kellogg die US-Ablehnung eines ukrainischen Beitritts zu dem westlichen Milit\u00e4rb\u00fcndnis. &#8222;Wir haben gesagt, dass f\u00fcr uns ein Nato-Beitritt der Ukraine nicht zur Debatte steht.&#8220; Und die USA seien nicht das einzige Nato-Land, das dies so sehe. &#8222;Das ist eines der Themen, die Russland ansprechen wird.&#8220; <a class=\"transition-colors duration-200 cursor-pointer text-inherit no-underline text-salemsfur md:hover:text-magenta md:hover:border-magenta md:focus:text-magenta border-current border-b border-solid break-words\" href=\"https:\/\/www.t-online.de\/nachrichten\/ukraine\/id_100746030\/ukraine-krieg-trump-gesandter-kellogg-aeussert-verstaendnis-fuer-russland.html\" data-sctrack=\"BodyAnchor\" rel=\"nofollow noopener\" target=\"_blank\">Mehr dazu lesen Sie hier<\/a>.<\/p>\n<p class=\"text-18 leading-17\">Der ukrainische Botschafter Oleksii Makeiev hat sich sehr zufrieden \u00fcber den Besuch von Pr\u00e4sident <a class=\"transition-colors duration-200 cursor-pointer text-inherit no-underline text-salemsfur md:hover:text-magenta md:hover:border-magenta md:focus:text-magenta border-current border-b border-solid break-words\" href=\"https:\/\/www.t-online.de\/themen\/wolodymyr-selenskyj\/\" data-sctrack=\"BodyAnchor\" rel=\"nofollow noopener\" target=\"_blank\">Wolodymyr Selenskyj<\/a> in <a class=\"transition-colors duration-200 cursor-pointer text-inherit no-underline text-salemsfur md:hover:text-magenta md:hover:border-magenta md:focus:text-magenta border-current border-b border-solid break-words\" href=\"https:\/\/www.t-online.de\/region\/berlin\/\" data-sctrack=\"BodyAnchor\" rel=\"nofollow noopener\" target=\"_blank\">Berlin<\/a> und neue T\u00f6ne der <a class=\"transition-colors duration-200 cursor-pointer text-inherit no-underline text-salemsfur md:hover:text-magenta md:hover:border-magenta md:focus:text-magenta border-current border-b border-solid break-words\" href=\"https:\/\/www.t-online.de\/themen\/bundesregierung\/\" data-sctrack=\"BodyAnchor\" rel=\"nofollow noopener\" target=\"_blank\">Bundesregierung<\/a> ge\u00e4u\u00dfert. &#8222;Es gab klare Ergebnisse&#8220;, sagte er dem Radiosender WDR5 mit Blick auf das Treffen am Mittwoch. &#8222;Und auch menschlich hat es sehr gut gepasst.&#8220;<\/p>\n<p class=\"text-18 leading-17\">Makeiev sprach von einer Art Freundschaftsspiel. &#8222;Wir erleben eine neue Tonlage: direkter, klarer, engagierter. Die pers\u00f6nliche Beziehung zwischen meinem Pr\u00e4sidenten und Bundeskanzler Merz zeigt sich vertrauensvoll. Und das sind wichtige Dinge f\u00fcr Diplomatie&#8220;, sagte er. &#8222;Diese Tonlage war auch f\u00fcr die langen Gespr\u00e4che hinter verschlossenen T\u00fcren ausschlaggebend. Und ich als Botschafter und als Diplomat habe selten solch eine Atmosph\u00e4re erlebt.&#8220;<\/p>\n","protected":false},"excerpt":{"rendered":"Newsblog zum Ukraine-Krieg Wadephul: Komplette Niederlage Russlands unrealistisch Aktualisiert am 30.05.2025 &#8211; 17:11 UhrLesedauer: 21 Min. Au\u00dfenminister Johann&hellip;\n","protected":false},"author":2,"featured_media":151843,"comment_status":"","ping_status":"","sticky":false,"template":"","format":"standard","meta":{"footnotes":""},"categories":[4012],"tags":[1217,326,6079,522,331,332,16287,1436,296,31,4960,29,106,1478,775,13,1211,26001,15768,5793,6376,32794,409,33086,308,14,1159,15,3129,1175,29177,3186,53935,307,12,184,4403,317,312,64,53934,320,107,53544],"class_list":{"0":"post-151842","1":"post","2":"type-post","3":"status-publish","4":"format-standard","5":"has-post-thumbnail","7":"category-ukraine","8":"tag-1217","9":"tag-326","10":"tag-6079","11":"tag-522","12":"tag-aktuelle-nachrichten","13":"tag-aktuelle-news","14":"tag-american-broadcasting-company","15":"tag-annalena-baerbock","16":"tag-berlin","17":"tag-cdu","18":"tag-charkiw","19":"tag-deutschland","20":"tag-donald-trump","21":"tag-drohne","22":"tag-friedrich-merz","23":"tag-headlines","24":"tag-johann-wadephul","25":"tag-kartoffel","26":"tag-keith-kellogg","27":"tag-kiew","28":"tag-kursk","29":"tag-lindsey-graham","30":"tag-marco-rubio","31":"tag-mariupol","32":"tag-moskau","33":"tag-nachrichten","34":"tag-nato","35":"tag-news","36":"tag-newsblog","37":"tag-olaf-scholz","38":"tag-oleksij-makejew","39":"tag-reuters","40":"tag-rosemary-dicarlo","41":"tag-russland","42":"tag-schlagzeilen","43":"tag-spd","44":"tag-sz","45":"tag-ukraine","46":"tag-ukrainekrieg","47":"tag-usa","48":"tag-verhandlungsloesung","49":"tag-washington","50":"tag-wolodymyr-selenskyj","51":"tag-zaur-gurzijew"},"share_on_mastodon":{"url":"","error":"Validation failed: Text character limit of 500 exceeded"},"_links":{"self":[{"href":"https:\/\/www.europesays.com\/de\/wp-json\/wp\/v2\/posts\/151842","targetHints":{"allow":["GET"]}}],"collection":[{"href":"https:\/\/www.europesays.com\/de\/wp-json\/wp\/v2\/posts"}],"about":[{"href":"https:\/\/www.europesays.com\/de\/wp-json\/wp\/v2\/types\/post"}],"author":[{"embeddable":true,"href":"https:\/\/www.europesays.com\/de\/wp-json\/wp\/v2\/users\/2"}],"replies":[{"embeddable":true,"href":"https:\/\/www.europesays.com\/de\/wp-json\/wp\/v2\/comments?post=151842"}],"version-history":[{"count":0,"href":"https:\/\/www.europesays.com\/de\/wp-json\/wp\/v2\/posts\/151842\/revisions"}],"wp:featuredmedia":[{"embeddable":true,"href":"https:\/\/www.europesays.com\/de\/wp-json\/wp\/v2\/media\/151843"}],"wp:attachment":[{"href":"https:\/\/www.europesays.com\/de\/wp-json\/wp\/v2\/media?parent=151842"}],"wp:term":[{"taxonomy":"category","embeddable":true,"href":"https:\/\/www.europesays.com\/de\/wp-json\/wp\/v2\/categories?post=151842"},{"taxonomy":"post_tag","embeddable":true,"href":"https:\/\/www.europesays.com\/de\/wp-json\/wp\/v2\/tags?post=151842"}],"curies":[{"name":"wp","href":"https:\/\/api.w.org\/{rel}","templated":true}]}}