{"id":151866,"date":"2025-05-30T15:45:14","date_gmt":"2025-05-30T15:45:14","guid":{"rendered":"https:\/\/www.europesays.com\/de\/151866\/"},"modified":"2025-05-30T15:45:14","modified_gmt":"2025-05-30T15:45:14","slug":"msv-duisburg-verpflichtet-niklas-jessen","status":"publish","type":"post","link":"https:\/\/www.europesays.com\/de\/151866\/","title":{"rendered":"MSV Duisburg verpflichtet Niklas Jessen"},"content":{"rendered":"<p class=\"small date article__date\">Ver\u00f6ffentlicht:\u00a0Freitag, 30.05.2025 16:22<\/p>\n<p>Der Rechtsverteidiger Niklas Jessen verst\u00e4rkt ab kommender Saison den MSV Duisburg. Mit Jessen setzt der MSV auf eine Mischung aus Jugend und Erfahrung.<\/p>\n<p><img decoding=\"async\" alt=\"Niklas Jessen unterschreibt Vertrag beim MSV Duisburg\" src=\"https:\/\/www.europesays.com\/de\/wp-content\/uploads\/2025\/05\/msv-duisburg-verpflichtet-niklas-jessen.jpg&#038;crop=0x10x870x543&#038;resize=870x543&#038;dt=202505301622000.jpeg\" data-size=\"870x543\"\/>\u00a9 MSV Duisburg<\/p>\n<p>Der MSV Duisburg verst\u00e4rkt sich f\u00fcr die kommende Saison mit einem vielversprechenden Talent:\u00a0Niklas Jessen\u00a0wechselt von Borussia Dortmund an die Wedau. Der 21-j\u00e4hrige Rechtsverteidiger bringt bereits wertvolle Drittliga-Erfahrung mit nach Meiderich.<\/p>\n<p>Vom Bayern-Nachwuchs \u00fcber St. Pauli nach Dortmund<\/p>\n<p>Jessen durchlief eine beeindruckende Ausbildung in den Nachwuchsleistungszentren von FC St. Pauli und FC Bayern M\u00fcnchen. In der vergangenen Saison sammelte der Hamburger bei Borussia Dortmund II wichtige Erfahrungen in der 3. Liga &#8211;\u00a020 Eins\u00e4tze\u00a0stehen in seiner Bilanz. Ein besonderer H\u00f6hepunkt: Eine Kadernominierung f\u00fcr das Bundesliga-Spiel gegen RB Leipzig.<\/p>\n<p>Mit fast 80 Regionalliga-Eins\u00e4tzen im Gep\u00e4ck bringt der junge Defensivspezialist bereits eine solide Basis f\u00fcr den n\u00e4chsten Karriereschritt mit.<\/p>\n<p>Jessen freut sich auf Traditionsverein<\/p>\n<p>Der Neuzugang selbst zeigt sich begeistert von seinem Wechsel nach Duisburg: &#8222;Der MSV Duisburg hat eine riesige Ausstrahlung, die Spielphilosophie des Klubs und des Trainers passen zu mir.&#8220; Besonders die Trainingsbedingungen in Meiderich h\u00e4tten ihn \u00fcberzeugt.<\/p>\n<p>Mit Jessen setzt der MSV auf eine Mischung aus Jugend und Erfahrung &#8211; ein wichtiger Baustein f\u00fcr die Ambitionen in der kommenden Spielzeit.<\/p>\n","protected":false},"excerpt":{"rendered":"Ver\u00f6ffentlicht:\u00a0Freitag, 30.05.2025 16:22 Der Rechtsverteidiger Niklas Jessen verst\u00e4rkt ab kommender Saison den MSV Duisburg. Mit Jessen setzt der&hellip;\n","protected":false},"author":2,"featured_media":151867,"comment_status":"","ping_status":"","sticky":false,"template":"","format":"standard","meta":{"footnotes":""},"categories":[1838],"tags":[53940,53941,3364,29,3715,5282,30,9435,21755,1209,3127],"class_list":{"0":"post-151866","1":"post","2":"type-post","3":"status-publish","4":"format-standard","5":"has-post-thumbnail","7":"category-duisburg","8":"tag-abrstungsvertrag","9":"tag-jessen","10":"tag-de","11":"tag-deutschland","12":"tag-duisburg","13":"tag-fuball","14":"tag-germany","15":"tag-msv","16":"tag-neuzugang","17":"tag-nordrhein-westfalen","18":"tag-transfer"},"share_on_mastodon":{"url":"https:\/\/pubeurope.com\/@de\/114597561914726577","error":""},"_links":{"self":[{"href":"https:\/\/www.europesays.com\/de\/wp-json\/wp\/v2\/posts\/151866","targetHints":{"allow":["GET"]}}],"collection":[{"href":"https:\/\/www.europesays.com\/de\/wp-json\/wp\/v2\/posts"}],"about":[{"href":"https:\/\/www.europesays.com\/de\/wp-json\/wp\/v2\/types\/post"}],"author":[{"embeddable":true,"href":"https:\/\/www.europesays.com\/de\/wp-json\/wp\/v2\/users\/2"}],"replies":[{"embeddable":true,"href":"https:\/\/www.europesays.com\/de\/wp-json\/wp\/v2\/comments?post=151866"}],"version-history":[{"count":0,"href":"https:\/\/www.europesays.com\/de\/wp-json\/wp\/v2\/posts\/151866\/revisions"}],"wp:featuredmedia":[{"embeddable":true,"href":"https:\/\/www.europesays.com\/de\/wp-json\/wp\/v2\/media\/151867"}],"wp:attachment":[{"href":"https:\/\/www.europesays.com\/de\/wp-json\/wp\/v2\/media?parent=151866"}],"wp:term":[{"taxonomy":"category","embeddable":true,"href":"https:\/\/www.europesays.com\/de\/wp-json\/wp\/v2\/categories?post=151866"},{"taxonomy":"post_tag","embeddable":true,"href":"https:\/\/www.europesays.com\/de\/wp-json\/wp\/v2\/tags?post=151866"}],"curies":[{"name":"wp","href":"https:\/\/api.w.org\/{rel}","templated":true}]}}