{"id":151868,"date":"2025-05-30T15:46:09","date_gmt":"2025-05-30T15:46:09","guid":{"rendered":"https:\/\/www.europesays.com\/de\/151868\/"},"modified":"2025-05-30T15:46:09","modified_gmt":"2025-05-30T15:46:09","slug":"wie-viel-selbstdarstellung-vertraegt-der-journalismus","status":"publish","type":"post","link":"https:\/\/www.europesays.com\/de\/151868\/","title":{"rendered":"Wie viel Selbstdarstellung vertr\u00e4gt der Journalismus?"},"content":{"rendered":"<p>                                &#8211;                                Sie pr\u00e4gen Diskurse und die \u00f6ffentliche Meinung: L\u00e4ngst sind auch Medienschaffende selbst zu Eigenmarken geworden. Wann aber ist die Grenze \u00fcberschritten? Studierende der Hochschule Ansbach gehen der Frage in einer Podiumsdiskussion nach.<\/p>\n<p>                Wie viel Selbstdarstellung ist erlaubt? Anl\u00e4sslich dieser Frage laden Studierende der Hochschule Ansbach zur Diskussionsrunde im N\u00fcrnberger Presseclub ein. Mit dabei sind Fachleute aus dem Journalismus und der Kommunikationsbranche.<\/p>\n<p>Neben Sportmoderatorin Julia B\u00fcchler und Michael Husarek, Chefredakteur im Verlag N\u00fcrnberger Presse, nimmt Claudia Oeking, die als Head of Public Affairs bei Airbus t\u00e4tig ist, an der Debatte teil. Die Runde komplettiert Jan Runau, der lange Jahre als Kommunikationschef von Sportartikel-Riese Adidas arbeitete. Moderiert wird die Veranstaltung von Studierenden der Hochschule Ansbach.<\/p>\n<p>\u201eIn einer Medienwelt, in der Pers\u00f6nlichkeiten zunehmend ihre Plattformen zur strategischen Eigenvermarktung nutzen, m\u00f6chten wir gemeinsam mit Expert*innen diskutieren, wo die Grenze zwischen Authentizit\u00e4t und zu viel Selbstdarstellung verl\u00e4uft\u201c, wird die Veranstaltung von Seiten der Hochschule angek\u00fcndigt. Im Rahmen der Diskussion versuche man demzufolge Fragen nach \u201ePersonenmarken\u201c und einer ausgewogenen \u201emodernen Informationsvermittlung\u201c auf den Grund zu gehen. Dabei steht besonders ein Thema im Vordergrund: \u201eWelche Grenzen gibt es?\u201c<\/p>\n<p>Die Veranstaltung findet am <strong>24. Juni<\/strong> im Marmorsaal des Presseclubs statt und beginnt um 19 Uhr. Zuschauer haben zudem die M\u00f6glichkeit, selbst aktiv zu werden und Fragen an die Diskussionsteilnehmer zu stellen. Die Teilnahme an der Veranstaltung ist gratis. <\/p>\n","protected":false},"excerpt":{"rendered":"&#8211; Sie pr\u00e4gen Diskurse und die \u00f6ffentliche Meinung: L\u00e4ngst sind auch Medienschaffende selbst zu Eigenmarken geworden. Wann aber&hellip;\n","protected":false},"author":2,"featured_media":151869,"comment_status":"","ping_status":"","sticky":false,"template":"","format":"standard","meta":{"footnotes":""},"categories":[1837],"tags":[772,3364,29,30,3783],"class_list":{"0":"post-151868","1":"post","2":"type-post","3":"status-publish","4":"format-standard","5":"has-post-thumbnail","7":"category-nuernberg","8":"tag-bayern","9":"tag-de","10":"tag-deutschland","11":"tag-germany","12":"tag-nuernberg"},"share_on_mastodon":{"url":"https:\/\/pubeurope.com\/@de\/114597565799669124","error":""},"_links":{"self":[{"href":"https:\/\/www.europesays.com\/de\/wp-json\/wp\/v2\/posts\/151868","targetHints":{"allow":["GET"]}}],"collection":[{"href":"https:\/\/www.europesays.com\/de\/wp-json\/wp\/v2\/posts"}],"about":[{"href":"https:\/\/www.europesays.com\/de\/wp-json\/wp\/v2\/types\/post"}],"author":[{"embeddable":true,"href":"https:\/\/www.europesays.com\/de\/wp-json\/wp\/v2\/users\/2"}],"replies":[{"embeddable":true,"href":"https:\/\/www.europesays.com\/de\/wp-json\/wp\/v2\/comments?post=151868"}],"version-history":[{"count":0,"href":"https:\/\/www.europesays.com\/de\/wp-json\/wp\/v2\/posts\/151868\/revisions"}],"wp:featuredmedia":[{"embeddable":true,"href":"https:\/\/www.europesays.com\/de\/wp-json\/wp\/v2\/media\/151869"}],"wp:attachment":[{"href":"https:\/\/www.europesays.com\/de\/wp-json\/wp\/v2\/media?parent=151868"}],"wp:term":[{"taxonomy":"category","embeddable":true,"href":"https:\/\/www.europesays.com\/de\/wp-json\/wp\/v2\/categories?post=151868"},{"taxonomy":"post_tag","embeddable":true,"href":"https:\/\/www.europesays.com\/de\/wp-json\/wp\/v2\/tags?post=151868"}],"curies":[{"name":"wp","href":"https:\/\/api.w.org\/{rel}","templated":true}]}}