{"id":151881,"date":"2025-05-30T15:53:17","date_gmt":"2025-05-30T15:53:17","guid":{"rendered":"https:\/\/www.europesays.com\/de\/151881\/"},"modified":"2025-05-30T15:53:17","modified_gmt":"2025-05-30T15:53:17","slug":"aktivisten-legen-verkehr-am-osterdeich-lahm","status":"publish","type":"post","link":"https:\/\/www.europesays.com\/de\/151881\/","title":{"rendered":"Aktivisten legen Verkehr am Osterdeich lahm"},"content":{"rendered":"<p>Proteste am Osterdeich <\/p>\n<p>Blockade und Spr\u00fch-Aktion: Aktivisten legen Verkehr lahm<\/p>\n<p>30.05.2025 &#8211; 16:59 UhrLesedauer: 1 Min.<\/p>\n<p><a href=\"#focus-0\" class=\"transition-colors duration-200 focus-within:text-magenta block text-current relative\" data-sctrack=\"FocusGalleryImage.Reference\"><img fetchpriority=\"high\" data-testid=\"Opener.Image\" style=\"--lqipURL:url('https:\/\/images.t-online.de\/2025\/05\/C-vwBKq5Vljh\/0x417:4000x2250\/fit-in\/150x0\/filters:blur(25)\/ahrensburg-themenfoto-polizei-30-052025-blaulicht-mit-signalanlage-auf-streifenwagen-themenfoto-polizei-30-052025-ahrensburg-police-themed-photo-30-05-2025-blue-light-with-signal-system-on-patrol-car-police-themed-photo-30-05-2025-copyright-xeibner-pressefoto-marcelxvonxfehrnx-ep-mfn.jpg')\"   loading=\"eager\" src=\"https:\/\/www.europesays.com\/de\/wp-content\/uploads\/2025\/05\/ahrensburg-themenfoto-polizei-30-052025-blaulicht-mit-signalanlage-auf-streifenwagen-themenfoto-poli.jpeg\" alt=\"imago images 0820999843\" title=\"imago images 0820999843\" width=\"4000\" height=\"2250\" class=\"bg-[url:var(--lqipURL)] bg-cover bg-center flex w-full max-w-full h-full\" decoding=\"async\"\/><img style=\"--width:32;--height:32\" loading=\"lazy\" src=\"https:\/\/www.europesays.com\/de\/wp-content\/uploads\/2025\/05\/zoom-in.f7dae02f.svg.svg+xml\" alt=\"Vergr\u00f6\u00dfern des Bildes\" title=\"Vergr\u00f6\u00dfern des Bildes\" class=\"&#10;        block&#10;        h-[calc(var(--height)_\/_16_*_1rem)]&#10;        w-[calc(var(--width)_\/_16_*_1rem)]&#10;        max-w-none&#10;        absolute bottom-8 right-8 rounded-4 bg-snow p-8\" decoding=\"async\"\/><\/a><\/p>\n<p>Blaulicht auf einem Streifenwagen (Symbolbild): Die Beamten waren am Freitagmorgen am Osterdeich gefordert. (Quelle: IMAGO\/Eibner-Pressefoto\/Marcel von Fehrn\/imago)<\/p>\n<p class=\"font-bold text-18 leading-17\">Am Osterdeich geht am Freitagmorgen nichts mehr: Aktivisten blockieren den Verkehr und bespr\u00fchen die Stra\u00dfe. Die Polizei greift durch.<\/p>\n<p class=\"text-18 leading-17\">In <a class=\"transition-colors duration-200 cursor-pointer text-inherit no-underline text-salemsfur md:hover:text-magenta md:hover:border-magenta md:focus:text-magenta border-current border-b border-solid break-words\" href=\"https:\/\/www.t-online.de\/region\/bremen\/\" data-sctrack=\"BodyAnchor\" rel=\"nofollow noopener\" target=\"_blank\">Bremen<\/a> haben Aktivisten einer Gruppierung am Freitagmorgen mit einer unangemeldeten Stra\u00dfenblockade den Verkehr am Osterdeich lahmgelegt. Laut Polizei blockierten sieben Personen des sogenannten &#8222;Widerstandskollektivs&#8220; ab 8.30 Uhr die Fahrbahn in Richtung Tiefer. Die Demonstranten spr\u00fchten dabei einen provisorischen Zebrastreifen sowie ein rosa Herz auf die Stra\u00dfe.<\/p>\n<p class=\"text-18 leading-17\">Einsatzkr\u00e4fte trafen vor Ort eine 42-j\u00e4hrige Frau an, die auf der Fahrbahn stand und die Weiterfahrt von Fahrzeugen verhinderte. Ein 27-j\u00e4hriger Mann habe gleichzeitig mit wei\u00dfer Kreidefarbe einen etwa acht Meter breiten und vier Meter langen Zebrastreifen auf die Stra\u00dfe gespr\u00fcht, teilte die Polizei mit. F\u00fcnf weitere Personen h\u00e4tten sich mit Plakaten auf dem Gehweg aufgehalten, auf denen unter anderem &#8222;Stadt f\u00fcr Alle&#8220; und &#8222;Fu\u00dfg\u00e4nger\u00fcberweg&#8220; gestanden habe.<\/p>\n<p class=\"text-18 leading-17\">Die Polizei l\u00f6ste die nicht angemeldete Versammlung auf. Die Fahrbahn blieb etwa zwei Stunden lang gesperrt, bis Mitarbeiter der Entsorgungsbetriebe Bremen die wasserl\u00f6sliche Kreidefarbe entfernen konnten.<\/p>\n<p class=\"text-18 leading-17\">Gegen die Beteiligten laufen nun Ermittlungen wegen des Verdachts der N\u00f6tigung sowie Verst\u00f6\u00dfen gegen das Versammlungsgesetz. Zudem pr\u00fcfe die Polizei eine Kostenrechnung f\u00fcr den Einsatz, da keine verantwortliche Versammlungsleitung benannt worden sei.<\/p>\n","protected":false},"excerpt":{"rendered":"Proteste am Osterdeich Blockade und Spr\u00fch-Aktion: Aktivisten legen Verkehr lahm 30.05.2025 &#8211; 16:59 UhrLesedauer: 1 Min. Blaulicht auf&hellip;\n","protected":false},"author":2,"featured_media":151882,"comment_status":"","ping_status":"","sticky":false,"template":"","format":"standard","meta":{"footnotes":""},"categories":[1824],"tags":[722,1950,25908,2420,3364,29,30,53942,121,3416,601],"class_list":{"0":"post-151881","1":"post","2":"type-post","3":"status-publish","4":"format-standard","5":"has-post-thumbnail","7":"category-bremen","8":"tag-722","9":"tag-blaulicht","10":"tag-blockade","11":"tag-bremen","12":"tag-de","13":"tag-deutschland","14":"tag-germany","15":"tag-osterdeich","16":"tag-polizei","17":"tag-streifenwagen","18":"tag-verkehr"},"share_on_mastodon":{"url":"https:\/\/pubeurope.com\/@de\/114597593497269185","error":""},"_links":{"self":[{"href":"https:\/\/www.europesays.com\/de\/wp-json\/wp\/v2\/posts\/151881","targetHints":{"allow":["GET"]}}],"collection":[{"href":"https:\/\/www.europesays.com\/de\/wp-json\/wp\/v2\/posts"}],"about":[{"href":"https:\/\/www.europesays.com\/de\/wp-json\/wp\/v2\/types\/post"}],"author":[{"embeddable":true,"href":"https:\/\/www.europesays.com\/de\/wp-json\/wp\/v2\/users\/2"}],"replies":[{"embeddable":true,"href":"https:\/\/www.europesays.com\/de\/wp-json\/wp\/v2\/comments?post=151881"}],"version-history":[{"count":0,"href":"https:\/\/www.europesays.com\/de\/wp-json\/wp\/v2\/posts\/151881\/revisions"}],"wp:featuredmedia":[{"embeddable":true,"href":"https:\/\/www.europesays.com\/de\/wp-json\/wp\/v2\/media\/151882"}],"wp:attachment":[{"href":"https:\/\/www.europesays.com\/de\/wp-json\/wp\/v2\/media?parent=151881"}],"wp:term":[{"taxonomy":"category","embeddable":true,"href":"https:\/\/www.europesays.com\/de\/wp-json\/wp\/v2\/categories?post=151881"},{"taxonomy":"post_tag","embeddable":true,"href":"https:\/\/www.europesays.com\/de\/wp-json\/wp\/v2\/tags?post=151881"}],"curies":[{"name":"wp","href":"https:\/\/api.w.org\/{rel}","templated":true}]}}