{"id":151888,"date":"2025-05-30T15:57:10","date_gmt":"2025-05-30T15:57:10","guid":{"rendered":"https:\/\/www.europesays.com\/de\/151888\/"},"modified":"2025-05-30T15:57:10","modified_gmt":"2025-05-30T15:57:10","slug":"neues-stadtteilfest-suedpol-mit-heiko-wasser","status":"publish","type":"post","link":"https:\/\/www.europesays.com\/de\/151888\/","title":{"rendered":"Neues Stadtteilfest S\u00fcdPol\u201c mit Heiko Wasser"},"content":{"rendered":"<p>\t\tNeues Stadtteilfest S\u00fcdPol\u201c im Dortmunder S\u00fcden<br \/>\n\t\t\t\t\tFormel 1-Moderator moderiert die Live-Show<\/p>\n<p>\t\t<img alt=\"\" src=\"https:\/\/www.europesays.com\/de\/wp-content\/uploads\/2025\/04\/630_0036_47905_.jpg\"  class=\"avatar avatar-36 photo avatar-default\" height=\"36\" width=\"36\" loading=\"lazy\" decoding=\"async\"\/>\t\t<a class=\"article-author__name\" href=\"https:\/\/www.ruhrnachrichten.de\/author\/britta-linnhoff\/\" rel=\"author nofollow noopener\" target=\"_blank\">Britta Linnhoff<\/a><br \/>\n\t\tRedakteurin<\/p>\n<p>\t30.05.2025 17:00 Uhr<\/p>\n<p>\t\tTeilen<\/p>\n<p>\n\tIn Merkliste \u00fcbernehmen\n<\/p>\n<p>    <a href=\"https:\/\/www.ruhrnachrichten.de\/wp-content\/uploads\/2025\/05\/30\/12\/630_0900_4748318_Suedpol-1648x824.jpg\" rel=\"nofollow noopener\" target=\"_blank\"><\/p>\n<p>            <img loading=\"lazy\" decoding=\"async\" src=\"https:\/\/www.europesays.com\/de\/wp-content\/uploads\/2025\/05\/630_0900_4747669_Suedpol-640x428.jpg\" width=\"640\" height=\"428\"  alt=\"Maik Rehr und Peter Wildf\u00f6rster, Gesch\u00e4ftsf\u00fchrer der Dortmunder Eventagentur tibi UG:\"\/><\/p>\n<p>    <\/a><br \/>\n    Maik Rehr und Peter Wildf\u00f6rster, Gesch\u00e4ftsf\u00fchrer der Dortmunder Eventagentur tibi UG: Es ist, so sagen sie, ein Projekt, das aus der Mitte der Stadtteile entsteht. \u00a9 Agentur<\/p>\n<p class=\"article__teaser-text\">Der Dortmunder S\u00fcden bekommt ein neues Stadtteilfest f\u00fcr die ganze Familie samt After-Show-Party im Dieckmann\u2019s. Formel 1-Moderator Heiko Wasser ist auch dabei.<\/p>\n<p>2 Min Lesezeit<\/p>\n<p>After Show-Party<\/p>\n<p>\n\t<a href=\"https:\/\/www.ruhrnachrichten.de\" class=\"button button--brand button--link home-button\" rel=\"nofollow noopener\" target=\"_blank\">Zur Startseite<\/a><\/p>\n","protected":false},"excerpt":{"rendered":"Neues Stadtteilfest S\u00fcdPol\u201c im Dortmunder S\u00fcden Formel 1-Moderator moderiert die Live-Show Britta Linnhoff Redakteurin 30.05.2025 17:00 Uhr Teilen&hellip;\n","protected":false},"author":2,"featured_media":151889,"comment_status":"","ping_status":"","sticky":false,"template":"","format":"standard","meta":{"footnotes":""},"categories":[1833],"tags":[3364,29,217,2507,30,1209,6003],"class_list":{"0":"post-151888","1":"post","2":"type-post","3":"status-publish","4":"format-standard","5":"has-post-thumbnail","7":"category-dortmund","8":"tag-de","9":"tag-deutschland","10":"tag-dortmund","11":"tag-freizeit","12":"tag-germany","13":"tag-nordrhein-westfalen","14":"tag-premiere"},"share_on_mastodon":{"url":"https:\/\/pubeurope.com\/@de\/114597609157944826","error":""},"_links":{"self":[{"href":"https:\/\/www.europesays.com\/de\/wp-json\/wp\/v2\/posts\/151888","targetHints":{"allow":["GET"]}}],"collection":[{"href":"https:\/\/www.europesays.com\/de\/wp-json\/wp\/v2\/posts"}],"about":[{"href":"https:\/\/www.europesays.com\/de\/wp-json\/wp\/v2\/types\/post"}],"author":[{"embeddable":true,"href":"https:\/\/www.europesays.com\/de\/wp-json\/wp\/v2\/users\/2"}],"replies":[{"embeddable":true,"href":"https:\/\/www.europesays.com\/de\/wp-json\/wp\/v2\/comments?post=151888"}],"version-history":[{"count":0,"href":"https:\/\/www.europesays.com\/de\/wp-json\/wp\/v2\/posts\/151888\/revisions"}],"wp:featuredmedia":[{"embeddable":true,"href":"https:\/\/www.europesays.com\/de\/wp-json\/wp\/v2\/media\/151889"}],"wp:attachment":[{"href":"https:\/\/www.europesays.com\/de\/wp-json\/wp\/v2\/media?parent=151888"}],"wp:term":[{"taxonomy":"category","embeddable":true,"href":"https:\/\/www.europesays.com\/de\/wp-json\/wp\/v2\/categories?post=151888"},{"taxonomy":"post_tag","embeddable":true,"href":"https:\/\/www.europesays.com\/de\/wp-json\/wp\/v2\/tags?post=151888"}],"curies":[{"name":"wp","href":"https:\/\/api.w.org\/{rel}","templated":true}]}}