{"id":15189,"date":"2025-04-08T08:42:12","date_gmt":"2025-04-08T08:42:12","guid":{"rendered":"https:\/\/www.europesays.com\/de\/15189\/"},"modified":"2025-04-08T08:42:12","modified_gmt":"2025-04-08T08:42:12","slug":"a113-bei-berlin-adlershof-nach-unfall-teilweise-gesperrt","status":"publish","type":"post","link":"https:\/\/www.europesays.com\/de\/15189\/","title":{"rendered":"A113 bei Berlin-Adlershof nach Unfall teilweise gesperrt"},"content":{"rendered":"<p class=\"tspCAmw tspCAmx\">Nach einem Unfall ist die Autobahn 113 bei Adlershof bis zum Tunnel Altglienicke am Dienstagmorgen zeitweise gesperrt worden. Betroffen war die Fahrtrichtung stadtausw\u00e4rts. <\/p>\n<p class=\"tspCAmw\">Um kurz nach acht Uhr gab die Verkehrsinformationszentrale Entwarnung: Der Polizeieinsatz sei beendet und die Sperrung aufgehoben worden. Nach ersten Erkenntnissen kam es w\u00e4hrend der Festnahme von Autodieben zu einem Zusammensto\u00df. (dpa, Tsp)<\/p>\n<p> Aktuelles aus Treptow-K\u00f6penick <a href=\"https:\/\/www.tagesspiegel.de\/berlin\/bezirke\/ein-verkehrskonzept-fur-berlin-planterwald-anwohnerantrag-uberzeugt-bezirksverordnete-13503631.html?icid=topic-list_13504168___\" data-gtm-class=\"article-mzt-link\" class=\"tspCGnc\" target=\"_blank\" rel=\"noopener\">Ein Verkehrskonzept f\u00fcr Berlin-Pl\u00e4nterwald Anwohnerantrag \u00fcberzeugt Bezirksverordnete  <\/a><a href=\"https:\/\/www.tagesspiegel.de\/berlin\/bezirke\/neuer-abschnitt-der-berliner-stadtautobahn-a100-verkehrskollaps-in-angrenzenden-kiezen-befurchtet-13500964.html?icid=topic-list_13504168___\" data-gtm-class=\"article-mzt-link\" class=\"tspCGnc\" target=\"_blank\" rel=\"noopener\">Neuer Abschnitt der Berliner Stadtautobahn A100 Verkehrskollaps in angrenzenden Kiezen bef\u00fcrchtet <\/a><a href=\"https:\/\/www.tagesspiegel.de\/berlin\/bezirke\/moderner-schicker-gruner-taut-passage-in-berlin-grunau-soll-umgebaut-werden-13460956.html?icid=topic-list_13504168___\" data-gtm-class=\"article-mzt-link\" class=\"tspCGnc\" target=\"_blank\" rel=\"noopener\">Moderner, schicker, gr\u00fcner Taut-Passage in Berlin-Gr\u00fcnau soll umgebaut werden <\/a><\/p>\n","protected":false},"excerpt":{"rendered":"Nach einem Unfall ist die Autobahn 113 bei Adlershof bis zum Tunnel Altglienicke am Dienstagmorgen zeitweise gesperrt worden.&hellip;\n","protected":false},"author":2,"featured_media":15190,"comment_status":"","ping_status":"","sticky":false,"template":"","format":"standard","meta":{"footnotes":""},"categories":[1825],"tags":[296,29,30,5917],"class_list":{"0":"post-15189","1":"post","2":"type-post","3":"status-publish","4":"format-standard","5":"has-post-thumbnail","7":"category-berlin","8":"tag-berlin","9":"tag-deutschland","10":"tag-germany","11":"tag-treptow-koepenick"},"share_on_mastodon":{"url":"https:\/\/pubeurope.com\/@de\/114301458472987641","error":""},"_links":{"self":[{"href":"https:\/\/www.europesays.com\/de\/wp-json\/wp\/v2\/posts\/15189","targetHints":{"allow":["GET"]}}],"collection":[{"href":"https:\/\/www.europesays.com\/de\/wp-json\/wp\/v2\/posts"}],"about":[{"href":"https:\/\/www.europesays.com\/de\/wp-json\/wp\/v2\/types\/post"}],"author":[{"embeddable":true,"href":"https:\/\/www.europesays.com\/de\/wp-json\/wp\/v2\/users\/2"}],"replies":[{"embeddable":true,"href":"https:\/\/www.europesays.com\/de\/wp-json\/wp\/v2\/comments?post=15189"}],"version-history":[{"count":0,"href":"https:\/\/www.europesays.com\/de\/wp-json\/wp\/v2\/posts\/15189\/revisions"}],"wp:featuredmedia":[{"embeddable":true,"href":"https:\/\/www.europesays.com\/de\/wp-json\/wp\/v2\/media\/15190"}],"wp:attachment":[{"href":"https:\/\/www.europesays.com\/de\/wp-json\/wp\/v2\/media?parent=15189"}],"wp:term":[{"taxonomy":"category","embeddable":true,"href":"https:\/\/www.europesays.com\/de\/wp-json\/wp\/v2\/categories?post=15189"},{"taxonomy":"post_tag","embeddable":true,"href":"https:\/\/www.europesays.com\/de\/wp-json\/wp\/v2\/tags?post=15189"}],"curies":[{"name":"wp","href":"https:\/\/api.w.org\/{rel}","templated":true}]}}