{"id":151894,"date":"2025-05-30T16:00:14","date_gmt":"2025-05-30T16:00:14","guid":{"rendered":"https:\/\/www.europesays.com\/de\/151894\/"},"modified":"2025-05-30T16:00:14","modified_gmt":"2025-05-30T16:00:14","slug":"umruestung-der-historischen-gaslaternen-geht-in-hassels-weiter","status":"publish","type":"post","link":"https:\/\/www.europesays.com\/de\/151894\/","title":{"rendered":"Umr\u00fcstung der historischen Gaslaternen geht in Hassels weiter"},"content":{"rendered":"<p>Der n\u00e4chste Stadtteil ist an der Reihe <\/p>\n<p>Umr\u00fcstung der historischen Gaslaternen geht hier weiter<\/p>\n<p>Aktualisiert am 30.05.2025 &#8211; 16:55 UhrLesedauer: 1 Min.<\/p>\n<p><a href=\"#focus-0\" class=\"transition-colors duration-200 focus-within:text-magenta block text-current relative\" data-sctrack=\"FocusGalleryImage.Reference\"><img fetchpriority=\"high\" data-testid=\"Opener.Image\" style=\"--lqipURL:url('https:\/\/images.t-online.de\/2025\/05\/8NneVYd80OWP\/330x416:3291x1851\/fit-in\/150x0\/filters:blur(25)\/mit-hilfe-von-hubsteiger-und-zange-wird-der-auf-led-umgeruestete-leuchtkopf-dieser-ansatzleuchte-von-einem-mitarbeiter-der-netzgesellschaft-auf-den-mast-montiert.jpg')\"   loading=\"eager\" src=\"https:\/\/www.europesays.com\/de\/wp-content\/uploads\/2025\/05\/mit-hilfe-von-hubsteiger-und-zange-wird-der-auf-led-umgeruestete-leuchtkopf-dieser-ansatzleuchte-von.jpeg\" alt=\"Mithilfe von Hubsteiger und Zange wird hier in Heerdt der auf LED umger\u00fcstete Leuchtkopf auf den Mast montiert: Nun geht die Umstellung der Gaslaternen in D\u00fcsseldorf weiter.\" title=\"Mithilfe von Hubsteiger und Zange wird hier in Heerdt der auf LED umger\u00fcstete Leuchtkopf auf den Mast montiert: Nun geht die Umstellung der Gaslaternen in D\u00fcsseldorf weiter.\" width=\"3291\" height=\"1851\" class=\"bg-[url:var(--lqipURL)] bg-cover bg-center flex w-full max-w-full h-full\" decoding=\"async\"\/><img style=\"--width:32;--height:32\" loading=\"lazy\" src=\"https:\/\/www.europesays.com\/de\/wp-content\/uploads\/2025\/05\/zoom-in.f7dae02f.svg.svg+xml\" alt=\"Vergr\u00f6\u00dfern des Bildes\" title=\"Vergr\u00f6\u00dfern des Bildes\" class=\"&#10;        block&#10;        h-[calc(var(--height)_\/_16_*_1rem)]&#10;        w-[calc(var(--width)_\/_16_*_1rem)]&#10;        max-w-none&#10;        absolute bottom-8 right-8 rounded-4 bg-snow p-8\" decoding=\"async\"\/><\/a><\/p>\n<p>Mithilfe von Hubsteiger und Zange wird hier in Heerdt der auf LED umger\u00fcstete Leuchtkopf auf den Mast montiert: Nun geht die Umstellung der Gaslaternen in D\u00fcsseldorf weiter. (Quelle: Claus Langer\/Stadt D\u00fcsseldorf)<\/p>\n<p class=\"font-bold text-18 leading-17\">Nach dem Auftakt zur energieeffizienten Umr\u00fcstung in Heerdt und L\u00f6rick werden ab Juli werden im n\u00e4chsten Stadtteil die Gaslaternen umger\u00fcstet.<\/p>\n<p class=\"text-18 leading-17\">In Hassels soll im Juli die Umstellung der historischen D\u00fcsseldorfer Gaslaternen auf einen umweltfreundlicheren LED-Strombetrieb beginnen. Insgesamt werden 292 Leuchten modernisiert, wie die Stadt am Freitag (30. Mai) mitteilte. Davon bleiben 176 Leuchten in ihrer bisherigen Form erhalten und wechseln zur LED-Technik. Die restlichen 116 Lampen weichen neuen, technischen Stra\u00dfenleuchten. In den Stadtteilen Heerdt und L\u00f6rick wurde mit der Umr\u00fcstung bereits begonnen.<\/p>\n<p class=\"text-18 leading-17\">In folgenden Stra\u00dfen in Hassels wird die historische Leuchtenform (Aufsatz- und Ansatzleuchten) erhalten und auf LED-Technik umger\u00fcstet: Am Sch\u00f6nenkamp, Bromberger Stra\u00dfe, Dasselstra\u00dfe, Dirschauer Weg, D\u00f6rnbergstra\u00dfe, Erlenweg Nord, Ferdinandstra\u00dfe, Gnesener Stra\u00dfe, Kiefernweg, Langfuhrstra\u00dfe, L\u00e4rchenweg West, Rotdornweg, Schillstra\u00dfe, Stargarder Stra\u00dfe, T\u00f6nisstra\u00dfe und Zoppoter Stra\u00dfe.<\/p>\n<p class=\"text-18 leading-17\">In anderen Stra\u00dfen gibt es unter anderem erh\u00f6hte lichttechnische Anforderungen oder werden die Leuchtentypen vereinheitlicht. Dort werden die historischen Modelle abgebaut und durch moderne technische Stra\u00dfenleuchten ersetzt: Braunsberger Stra\u00dfe, Erlenweg S\u00fcd, Fr\u00f6hlenstra\u00dfe, Hasselsstra\u00dfe, Heiligenhauser Stra\u00dfe, Hoxbachstra\u00dfe, L\u00e4rchenweg Ost, S\u00fcllenstra\u00dfe und Thorner Stra\u00dfe.<\/p>\n<p class=\"text-18 leading-17\">Die Arbeiten sollen bis voraussichtlich Herbst 2025 abgeschlossen sein. Insgesamt wird die Umr\u00fcstung der Leuchten rund 2,4 Millionen Euro kosten. Grundlage f\u00fcr den Umstieg auf Strombetrieb ist ein Ratsbeschluss von September 2023, der die Umr\u00fcstung fast aller 13.600 Gaslaternen \u2013 mit Ausnahme der Gaslaternen im Gartendenkmal Hofgarten \u2013 vorsieht. Mit der Umr\u00fcstung lassen sich nach Angaben der Stadt 98 Prozent der Emissions- und Verbrauchswerte jedes Lichtpunktes einsparen. Gleichzeitig werde das Aufheizen des Stadtklimas reduziert.<\/p>\n","protected":false},"excerpt":{"rendered":"Der n\u00e4chste Stadtteil ist an der Reihe Umr\u00fcstung der historischen Gaslaternen geht hier weiter Aktualisiert am 30.05.2025 &#8211;&hellip;\n","protected":false},"author":2,"featured_media":151895,"comment_status":"","ping_status":"","sticky":false,"template":"","format":"standard","meta":{"footnotes":""},"categories":[1831],"tags":[722,2072,3364,29,3405,48311,30,9841,1209,6053,53856],"class_list":{"0":"post-151894","1":"post","2":"type-post","3":"status-publish","4":"format-standard","5":"has-post-thumbnail","7":"category-duesseldorf","8":"tag-722","9":"tag-2072","10":"tag-de","11":"tag-deutschland","12":"tag-duesseldorf","13":"tag-gaslaterne","14":"tag-germany","15":"tag-hassel","16":"tag-nordrhein-westfalen","17":"tag-stadtteil","18":"tag-umruestung"},"share_on_mastodon":{"url":"https:\/\/pubeurope.com\/@de\/114597621177581717","error":""},"_links":{"self":[{"href":"https:\/\/www.europesays.com\/de\/wp-json\/wp\/v2\/posts\/151894","targetHints":{"allow":["GET"]}}],"collection":[{"href":"https:\/\/www.europesays.com\/de\/wp-json\/wp\/v2\/posts"}],"about":[{"href":"https:\/\/www.europesays.com\/de\/wp-json\/wp\/v2\/types\/post"}],"author":[{"embeddable":true,"href":"https:\/\/www.europesays.com\/de\/wp-json\/wp\/v2\/users\/2"}],"replies":[{"embeddable":true,"href":"https:\/\/www.europesays.com\/de\/wp-json\/wp\/v2\/comments?post=151894"}],"version-history":[{"count":0,"href":"https:\/\/www.europesays.com\/de\/wp-json\/wp\/v2\/posts\/151894\/revisions"}],"wp:featuredmedia":[{"embeddable":true,"href":"https:\/\/www.europesays.com\/de\/wp-json\/wp\/v2\/media\/151895"}],"wp:attachment":[{"href":"https:\/\/www.europesays.com\/de\/wp-json\/wp\/v2\/media?parent=151894"}],"wp:term":[{"taxonomy":"category","embeddable":true,"href":"https:\/\/www.europesays.com\/de\/wp-json\/wp\/v2\/categories?post=151894"},{"taxonomy":"post_tag","embeddable":true,"href":"https:\/\/www.europesays.com\/de\/wp-json\/wp\/v2\/tags?post=151894"}],"curies":[{"name":"wp","href":"https:\/\/api.w.org\/{rel}","templated":true}]}}