{"id":151911,"date":"2025-05-30T16:09:11","date_gmt":"2025-05-30T16:09:11","guid":{"rendered":"https:\/\/www.europesays.com\/de\/151911\/"},"modified":"2025-05-30T16:09:11","modified_gmt":"2025-05-30T16:09:11","slug":"muenchen-heute-nachrichten-vom-30-05-25-muenchen","status":"publish","type":"post","link":"https:\/\/www.europesays.com\/de\/151911\/","title":{"rendered":"M\u00fcnchen heute &#8211; Nachrichten vom 30.05.25 &#8211; M\u00fcnchen"},"content":{"rendered":"<p> div:not([style*=&#8217;display: none&#8216;]):not(.iqdnoad)){margin-bottom:60px;margin-top:60px;}}]]> div:not([style*=&#8217;display: none&#8216;]):not(.iqdnoad))::before{content:none;}@media screen and (min-width: 768px){.css-wglhfu{margin-bottom:0;margin-top:0;}}@media screen and (min-width: 768px){.css-wglhfu{margin-left:0;margin-right:0;}}@media screen and (min-width: 1000px){.css-wglhfu{margin-left:-180px;width:1000px;}.css-wglhfu:has(> div:not([style*=&#8217;display: none&#8216;]):not(.iqdnoad)){margin-bottom:60px;margin-top:60px;}}]]> div:not([style*=&#8217;display: none&#8216;]):not(.iqdnoad))::before{content:none;}@media screen and (min-width: 768px){.css-1qhsfhd{margin-bottom:0;margin-top:0;}}@media screen and (min-width: 768px){.css-1qhsfhd{display:block;}}@media screen and (min-width: 768px){.css-1qhsfhd{margin-left:0;margin-right:0;}}@media screen and (min-width: 1000px){.css-1qhsfhd{margin-left:-180px;width:1000px;}.css-1qhsfhd:has(> div:not([style*=&#8217;display: none&#8216;]):not(.iqdnoad)){margin-bottom:60px;margin-top:60px;}}]]><\/p>\n<p data-manual=\"paragraph\" data-schema-org-speakable=\"true\" class=\"css-1ylqqlw\"><strong>DER TAG IN <\/strong><strong><a href=\"https:\/\/www.sueddeutsche.de\/thema\/M%C3%BCnchen\" target=\"_blank\" rel=\"noopener\">M\u00dcNCHEN<\/a><\/strong><\/p>\n<p data-manual=\"paragraph\" data-schema-org-speakable=\"true\" class=\"css-1ylqqlw\"><strong>Billiger wohnen, sicher Rad fahren&#8230; oder doch nicht?<\/strong> Seit f\u00fcnf Jahren regiert Gr\u00fcn-Rot im Rathaus und hatte viel vor, aber: Was wurde wirklich besser in der Stadt? Und was wird wohl nichts mehr? <a href=\"https:\/\/www.sueddeutsche.de\/projekte\/artikel\/muenchen\/muenchen-politik-rathaus-koalition-versprechen-bilanz-wohnen-verkehr-e347607\/\" target=\"_blank\" rel=\"noopener\">Bl\u00e4ttern Sie durch den interaktiven M\u00fcnchen-Tracker.<\/a><\/p>\n<p data-manual=\"paragraph\" data-schema-org-speakable=\"true\" class=\"css-1ylqqlw\"><strong>Die Bierf\u00e4sser f\u00fcr die Fans stehen bereit <\/strong>Zum Endspiel zwischen Inter Mailand und Paris Saint-German werden Tausende Fans in M\u00fcnchen erwartet. <a href=\"https:\/\/www.sueddeutsche.de\/muenchen\/muenchen-finale-champions-league-fans-mailand-paris-li.3260182\" target=\"_blank\" rel=\"noopener\">Vor allem an drei Orten in der Stadt d\u00fcrfte es am Samstag voll und laut werden.<\/a>\u00a0<\/p>\n<p data-manual=\"paragraph\" data-schema-org-speakable=\"true\" class=\"css-1ylqqlw\"><strong>Duell der Egos und Pleite dahoam<\/strong> Zum vierten Mal wird in M\u00fcnchen das Duell um den h\u00f6chsten Titel im europ\u00e4ischen Fu\u00dfball ausgetragen. Rudi V\u00f6ller holte einst den Pokal, der BVB triumphierte. Und der FC Bayern erlebte eine brutale Niederlage. <a href=\"https:\/\/www.sueddeutsche.de\/projekte\/artikel\/muenchen\/muenchen-champions-league-finale-historie-allianz-arena-inter-mailand-psg-e020321\/\" target=\"_blank\" rel=\"noopener\">Ein R\u00fcckblick auf denkw\u00fcrdige Fu\u00dfballspiele (SZ Plus).<\/a><\/p>\n<p data-manual=\"paragraph\" data-schema-org-speakable=\"true\" class=\"css-1ylqqlw\"><strong>Ist M\u00fcnchen wirklich die unfreundlichste Stadt der Welt? <\/strong>So grantig sind die M\u00fcnchnerinnen und M\u00fcnchner doch gar nicht \u2013 ihr Herz schl\u00e4gt schlie\u00dflich italienisch. Wie konnte es also zu diesem desastr\u00f6sen Umfrage-Ergebnis kommen, <a href=\"https:\/\/www.sueddeutsche.de\/muenchen\/muenchen-unfreundlich-stadt-welt-expats-li.3245088?reduced=true\" target=\"_blank\" rel=\"noopener\">wenn in \u201eMonaco\u201c sogar Wiesn-Bierpreise inzwischen gelassen hingenommen werden (SZ Plus)?<\/a><\/p>\n<p data-manual=\"paragraph\" data-schema-org-speakable=\"true\" class=\"css-1ylqqlw\"><strong>Mutma\u00dfungen \u00fcber Romy Schneider<\/strong>\u00a0Choreograf Enrique Gasa Valga bringt im Deutschen Theater das Leben der Schauspielerin als Tanzst\u00fcck auf die B\u00fchne. <a href=\"https:\/\/www.sueddeutsche.de\/muenchen\/romy-schneider-tanztheater-deutsches-theater-kritik-muenchen-li.3243316\" target=\"_blank\" rel=\"noopener\">Warum er scheitern muss und die Pausengespr\u00e4che der Kessler-Zwillinge spannender sind.<\/a><\/p>\n<p data-manual=\"paragraph\" data-schema-org-speakable=\"true\" class=\"css-1ylqqlw\"><strong>WEITERE NACHRICHTEN<\/strong><\/p>\n<p data-manual=\"paragraph\" data-schema-org-speakable=\"true\" class=\"css-1ylqqlw\"><strong>Nahverkehr:\u00a0<\/strong><a href=\"https:\/\/www.sueddeutsche.de\/muenchen\/muenchen-u-bahn-sanierung-u6-li.3259623\" target=\"_blank\" rel=\"noopener\">Nach 15 Wochen Baustelle: Die U6 f\u00e4hrt endlich wieder<\/a><\/p>\n<p data-manual=\"paragraph\" data-schema-org-speakable=\"true\" class=\"css-1ylqqlw\"><strong>Mosaik in M\u00fcnchen zum 80. Geburtstag:<\/strong> <a href=\"https:\/\/www.sueddeutsche.de\/muenchen\/rainer-werner-fassbinder-denkmal-muenchen-li.3247049\" target=\"_blank\" rel=\"noopener\">Ein Denkmal f\u00fcr Rainer Werner Fassbinder<\/a><\/p>\n<p> div:not([style*=&#8217;display: none&#8216;]):not(.iqdnoad))::before{content:none;}@media screen and (min-width: 768px){.css-1gb0u7z{margin-bottom:0;margin-top:0;}}@media screen and (min-width: 1000px){.css-1gb0u7z{display:block;min-height:auto;}}@media screen and (min-width: 768px){.css-1gb0u7z{margin-left:0;margin-right:0;}}@media screen and (min-width: 1000px){.css-1gb0u7z{margin-left:-180px;width:1000px;}.css-1gb0u7z:has(> div:not([style*=&#8217;display: none&#8216;]):not(.iqdnoad)){margin-bottom:60px;margin-top:60px;}}]]> div:not([style*=&#8217;display: none&#8216;]):not(.iqdnoad))::before{content:none;}@media screen and (min-width: 768px){.css-6qp6or{margin-bottom:0;margin-top:0;}}@media screen and (min-width: 768px){.css-6qp6or{margin-left:0;margin-right:0;}}@media screen and (min-width: 1000px){.css-6qp6or{margin-left:-180px;width:1000px;}.css-6qp6or:has(> div:not([style*=&#8217;display: none&#8216;]):not(.iqdnoad)){margin-bottom:60px;margin-top:60px;}}]]> div:not([style*=&#8217;display: none&#8216;]):not(.iqdnoad))::before{content:none;}@media screen and (min-width: 768px){.css-1vs3ay6{margin-bottom:0;margin-top:0;}}@media screen and (min-width: 768px){.css-1vs3ay6{display:block;}}@media screen and (min-width: 768px){.css-1vs3ay6{margin-left:0;margin-right:0;}}@media screen and (min-width: 1000px){.css-1vs3ay6{margin-left:-180px;width:1000px;}.css-1vs3ay6:has(> div:not([style*=&#8217;display: none&#8216;]):not(.iqdnoad)){margin-bottom:60px;margin-top:60px;}}]]><\/p>\n<p data-manual=\"paragraph\" data-schema-org-speakable=\"true\" class=\"css-1ylqqlw\"><strong>80 Meter in die Tiefe:<\/strong> <a href=\"https:\/\/www.sueddeutsche.de\/muenchen\/alpen-muenchnerin-hund-tod-li.3261383\" target=\"_blank\" rel=\"noopener\">M\u00fcnchnerin will Hund retten und st\u00fcrzt in den Tod<\/a><\/p>\n<p data-manual=\"paragraph\" data-schema-org-speakable=\"true\" class=\"css-1ylqqlw\"><strong>M\u00dcNCHEN ERLESEN<\/strong><\/p>\n<p><a href=\"https:\/\/www.sueddeutsche.de\/bayern\/sarah-straub-liedermacherin-demenz-musik-li.3255550\" aria-label=\"Artikelverlinkung:\" data-track-szde=\"{&quot;event&quot;:&quot;teaser_clicked&quot;,&quot;teaser_clicked&quot;:{&quot;article_title&quot;:&quot;ich_moechte_den_menschen_wege_aufzeigen_wie_sie_aus_ihrer_verzweiflung_kommen&quot;,&quot;doctype&quot;:&quot;&quot;,&quot;label&quot;:&quot;szplus&quot;,&quot;main_topic&quot;:&quot;kultur_in_bayern&quot;,&quot;object_id&quot;:&quot;li.3255550&quot;,&quot;pcat&quot;:&quot;paid&quot;,&quot;section&quot;:&quot;bayern&quot;,&quot;teaser_type&quot;:&quot;article_teaser_top&quot;}}\" data-manual=\"teaser-url\" data-tb-link=\"\" aria-labelledby=\"teaser-httpswwwsueddeutschedebayernsarah-straub-liedermacherin-demenz-musik-li3255550\" class=\"css-14tg8sh\" target=\"_blank\" rel=\"noopener\"><img decoding=\"async\" src=\"https:\/\/www.europesays.com\/de\/wp-content\/uploads\/2025\/05\/ace5a626-0540-4a68-a985-319210e9bb53.jpeg\"   alt=\"\" loading=\"lazy\" class=\"css-8atqhb\"\/><\/p>\n<p>Demenzforscherin und Liedermacherin<\/p>\n<p>:\u201eIch m\u00f6chte den Menschen Wege aufzeigen, wie sie aus ihrer Verzweiflung kommen\u201c<\/p>\n<p class=\"css-a6ecqs\" data-manual=\"teaser-text\" data-tb-description=\"\" data-schema-org-speakable=\"true\">Sarah Straub war 20, als ihre Gro\u00dfmutter dement wurde. Seitdem widmet sie ihr Leben der Volkskrankheit: Die Bayerin ist nicht nur promovierte Forscherin und Autorin, sie ist auch erfolgreiche Liedermacherin. Wie Musik und Poesie Mut machen k\u00f6nnen.<\/p>\n<p>SZ PlusVon Bernhard Bl\u00f6chl&#8230;<a href=\"https:\/\/www.sueddeutsche.de\/muenchen\/muenchen-architektur-allmann-wappner-interview-li.3194119\" aria-label=\"Artikelverlinkung:\" data-track-szde=\"{&quot;event&quot;:&quot;teaser_clicked&quot;,&quot;teaser_clicked&quot;:{&quot;article_title&quot;:&quot;mit_diesen_architekten_planen_google_und_apple_ihre_expansion_in_muenchen&quot;,&quot;doctype&quot;:&quot;&quot;,&quot;label&quot;:&quot;szplus&quot;,&quot;main_topic&quot;:&quot;immobilien_und_wohnen_in_muenchen&quot;,&quot;object_id&quot;:&quot;li.3194119&quot;,&quot;pcat&quot;:&quot;paid&quot;,&quot;section&quot;:&quot;muenchen&quot;,&quot;teaser_type&quot;:&quot;article_teaser_top&quot;}}\" data-manual=\"teaser-url\" data-tb-link=\"\" aria-labelledby=\"teaser-httpswwwsueddeutschedemuenchenmuenchen-architektur-allmann-wappner-interview-li3194119\" class=\"css-14tg8sh\" target=\"_blank\" rel=\"noopener\"><img decoding=\"async\" src=\"https:\/\/www.europesays.com\/de\/wp-content\/uploads\/2025\/05\/4c46fa8b-cf38-4795-8bb5-0c33b3be5250.jpeg\"   alt=\"\" loading=\"lazy\" class=\"css-8atqhb\"\/><\/p>\n<p>Architekturb\u00fcro Allmann Wappner<\/p>\n<p>:Mit diesen Architekten planen Google und Apple ihre Expansion in M\u00fcnchen<\/p>\n<p class=\"css-a6ecqs\" data-manual=\"teaser-text\" data-tb-description=\"\" data-schema-org-speakable=\"true\">Sie arbeiten f\u00fcr die reichsten Konzerne der Welt, sind von Ren\u00e9 Benkos Pleite betroffen und planen zugleich ein gemeinn\u00fctziges Hospiz: Wie die M\u00fcnchner Architekten Markus Allmann und Ludwig Wappner in ihrem Arbeitsalltag verschiedene Welten zusammenbringen.<\/p>\n<p>SZ PlusInterview von Sebastian Krass<\/p>\n<p data-manual=\"paragraph\" data-schema-org-speakable=\"true\" class=\"css-1ylqqlw\"><strong>UNSER GASTROTIPP<\/strong><\/p>\n<p><a href=\"https:\/\/www.sueddeutsche.de\/muenchen\/keep-banana-veganes-cafe-muenchen-sendlinger-tor-li.3237733\" aria-label=\"Artikelverlinkung:\" data-track-szde=\"{&quot;event&quot;:&quot;teaser_clicked&quot;,&quot;teaser_clicked&quot;:{&quot;article_title&quot;:&quot;ein_paradies_fuer_bananenliebhaber_und_umweltbewusste&quot;,&quot;doctype&quot;:&quot;&quot;,&quot;label&quot;:&quot;&quot;,&quot;main_topic&quot;:&quot;essen_und_trinken_in_muenchen&quot;,&quot;object_id&quot;:&quot;li.3237733&quot;,&quot;pcat&quot;:&quot;metered&quot;,&quot;section&quot;:&quot;muenchen&quot;,&quot;teaser_type&quot;:&quot;article_teaser_top&quot;}}\" data-manual=\"teaser-url\" data-tb-link=\"\" aria-labelledby=\"teaser-httpswwwsueddeutschedemuenchenkeep-banana-veganes-cafe-muenchen-sendlinger-tor-li3237733\" class=\"css-14tg8sh\" target=\"_blank\" rel=\"noopener\"><img decoding=\"async\" src=\"https:\/\/www.europesays.com\/de\/wp-content\/uploads\/2025\/05\/7f3c279f-46a0-479f-bc82-a813382ecf62.jpeg\"   alt=\"\" loading=\"lazy\" class=\"css-8atqhb\"\/><\/p>\n<p>Keep Banana am Sendlinger Tor<\/p>\n<p>:Ein Paradies f\u00fcr Bananenliebhaber \u2013 und Umweltbewusste<\/p>\n<p class=\"css-a6ecqs\" data-manual=\"teaser-text\" data-tb-description=\"\" data-schema-org-speakable=\"true\">Das Keep Banana am Sendlinger Tor rettet Bananen aus dem Gro\u00dfhandel und verwandelt sie in Eis und Bananenbrot \u2013 komplett vegan und Zero Waste. Selbst Verpackungen kann man hier essen.<\/p>\n<p data-manual=\"paragraph\" data-schema-org-speakable=\"true\" class=\"css-1ylqqlw\"><a href=\"https:\/\/www.sueddeutsche.de\/thema\/Restaurants\" target=\"_blank\" rel=\"noopener\">Restaurants in M\u00fcnchen<\/a> | <a href=\"https:\/\/www.sueddeutsche.de\/thema\/Bars\" target=\"_blank\" rel=\"noopener\">Bars in M\u00fcnchen<\/a> | <a href=\"https:\/\/www.sueddeutsche.de\/thema\/Fr%C3%BChst%C3%BCck_und_Brunch\" target=\"_blank\" rel=\"noopener\">Fr\u00fchst\u00fcck und Brunch<\/a><strong>Zu den Landkreisen:<\/strong> <a href=\"https:\/\/www.sueddeutsche.de\/muenchen\/wolfratshausen\" target=\"_blank\" rel=\"noopener\">Bad T\u00f6lz-Wolfratshausen<\/a> | <a href=\"https:\/\/www.sueddeutsche.de\/muenchen\/dachau\" target=\"_blank\" rel=\"noopener\">Dachau<\/a> | <a href=\"https:\/\/www.sueddeutsche.de\/muenchen\/ebersberg\" target=\"_blank\" rel=\"noopener\">Ebersberg<\/a> | <a href=\"https:\/\/www.sueddeutsche.de\/muenchen\/erding\" target=\"_blank\" rel=\"noopener\">Erding<\/a> | <a href=\"https:\/\/www.sueddeutsche.de\/muenchen\/freising\" target=\"_blank\" rel=\"noopener\">Freising<\/a> | <a href=\"https:\/\/www.sueddeutsche.de\/muenchen\/fuerstenfeldbruck\" target=\"_blank\" rel=\"noopener\">F\u00fcrstenfeldbruck<\/a> | <a href=\"https:\/\/www.sueddeutsche.de\/muenchen\/landkreismuenchen\" target=\"_blank\" rel=\"noopener\">M\u00fcnchen<\/a> | <a href=\"https:\/\/www.sueddeutsche.de\/muenchen\/starnberg\" target=\"_blank\" rel=\"noopener\">Starnberg<\/a><\/p>\n","protected":false},"excerpt":{"rendered":"div:not([style*=&#8217;display: none&#8216;]):not(.iqdnoad)){margin-bottom:60px;margin-top:60px;}}]]&gt; div:not([style*=&#8217;display: none&#8216;]):not(.iqdnoad))::before{content:none;}@media screen and (min-width: 768px){.css-wglhfu{margin-bottom:0;margin-top:0;}}@media screen and (min-width: 768px){.css-wglhfu{margin-left:0;margin-right:0;}}@media screen and (min-width: 1000px){.css-wglhfu{margin-left:-180px;width:1000px;}.css-wglhfu:has(> div:not([style*=&#8217;display: none&#8216;]):not(.iqdnoad)){margin-bottom:60px;margin-top:60px;}}]]&gt;&hellip;\n","protected":false},"author":2,"featured_media":2312,"comment_status":"","ping_status":"","sticky":false,"template":"","format":"standard","meta":{"footnotes":""},"categories":[1827],"tags":[772,29,30,1268,2338,2339,149],"class_list":{"0":"post-151911","1":"post","2":"type-post","3":"status-publish","4":"format-standard","5":"has-post-thumbnail","7":"category-muenchen","8":"tag-bayern","9":"tag-deutschland","10":"tag-germany","11":"tag-muenchen","12":"tag-newsletter","13":"tag-oberbayern","14":"tag-sueddeutsche-zeitung"},"share_on_mastodon":{"url":"https:\/\/pubeurope.com\/@de\/114597656419199663","error":""},"_links":{"self":[{"href":"https:\/\/www.europesays.com\/de\/wp-json\/wp\/v2\/posts\/151911","targetHints":{"allow":["GET"]}}],"collection":[{"href":"https:\/\/www.europesays.com\/de\/wp-json\/wp\/v2\/posts"}],"about":[{"href":"https:\/\/www.europesays.com\/de\/wp-json\/wp\/v2\/types\/post"}],"author":[{"embeddable":true,"href":"https:\/\/www.europesays.com\/de\/wp-json\/wp\/v2\/users\/2"}],"replies":[{"embeddable":true,"href":"https:\/\/www.europesays.com\/de\/wp-json\/wp\/v2\/comments?post=151911"}],"version-history":[{"count":0,"href":"https:\/\/www.europesays.com\/de\/wp-json\/wp\/v2\/posts\/151911\/revisions"}],"wp:featuredmedia":[{"embeddable":true,"href":"https:\/\/www.europesays.com\/de\/wp-json\/wp\/v2\/media\/2312"}],"wp:attachment":[{"href":"https:\/\/www.europesays.com\/de\/wp-json\/wp\/v2\/media?parent=151911"}],"wp:term":[{"taxonomy":"category","embeddable":true,"href":"https:\/\/www.europesays.com\/de\/wp-json\/wp\/v2\/categories?post=151911"},{"taxonomy":"post_tag","embeddable":true,"href":"https:\/\/www.europesays.com\/de\/wp-json\/wp\/v2\/tags?post=151911"}],"curies":[{"name":"wp","href":"https:\/\/api.w.org\/{rel}","templated":true}]}}