{"id":151922,"date":"2025-05-30T16:15:15","date_gmt":"2025-05-30T16:15:15","guid":{"rendered":"https:\/\/www.europesays.com\/de\/151922\/"},"modified":"2025-05-30T16:15:15","modified_gmt":"2025-05-30T16:15:15","slug":"hund-gestorben-an-berliner-see-breitet-sich-giftige-alge-aus-regional","status":"publish","type":"post","link":"https:\/\/www.europesays.com\/de\/151922\/","title":{"rendered":"Hund gestorben! An Berliner See breitet sich giftige Alge aus | Regional"},"content":{"rendered":"<p>Berlin \u2013<b>\u00a0Blaualgen am Tegeler See! Die Sommersaison ist noch gar nicht richtig gestartet, doch Schilder warnen schon: \u201eVom Baden wird abgeraten\u201c, \u201ePassen Sie blo\u00df auf Ihre Vierbeiner auf\u201c. <\/b><\/p>\n<p>An der Badestelle gegen\u00fcber der Insel Scharfenberg breiten sich giftige Blaualgen (Cyanobakterien) aus, die sich besonders gern auf und zwischen Wasserpflanzen vermehren. Laut Landesamt f\u00fcr Gesundheit und Soziales (Lageso) k\u00f6nnen sie f\u00fcr <a href=\"https:\/\/www.bild.de\/ratgeber\/tiere\/mein-haustier\/home-73600014.bild.html\" class=\"text-link\" rel=\"nofollow noopener\" target=\"_blank\">Hunde<\/a> lebensgef\u00e4hrlich sein \u2013 vor allem, wenn die Tiere betroffene Pflanzen fressen oder Wasser aus der unmittelbaren Umgebung trinken.<\/p>\n<p><img decoding=\"async\" width=\"992\" height=\"558\" alt=\"Das Amt informiert, dass schon mehrere Hunde vergiftet wurden. Einer starb nach dem Kontakt mit dem Wasser\" src=\"https:\/\/www.europesays.com\/de\/wp-content\/uploads\/2025\/05\/6914b0c49c012b5f0e7c1982fe1c088c,3df6ba70\"   class=\"landscape\" loading=\"lazy\"\/><\/p>\n<p class=\"fig__caption__text\">Das Amt informiert, dass schon mehrere Hunde vergiftet wurden. Einer starb nach dem Kontakt mit dem Wasser<\/p>\n<p>Foto: Olaf Wagner<\/p>\n<p>Hund kollabiert nach Spaziergang<\/p>\n<p>Erst vor wenigen Tagen soll ein Hund nach einem Spaziergang am Ufer des Tegeler Sees in <a href=\"https:\/\/www.bild.de\/regional\/berlin\/berlin-regional\/home-15823246.bild.html\" class=\"text-link\" rel=\"nofollow noopener\" target=\"_blank\">Berlin<\/a> kollabiert sein \u2013 das arme Tier starb kurz darauf. Die Symptome deuten laut Bezirksamt Reinickendorf klar auf eine Vergiftung durch Blaualgen hin.<\/p>\n<p>\u201eF\u00fcr Menschen besteht aufgrund der geringen Konzentrationen im Freiwasser beim Baden keine Gefahr.\u201c Ein kritischer Schwellenwert sei in den vergangenen Jahren bisher nicht \u00fcberschritten worden. Dennoch r\u00e4t das Lageso hier vom Baden ab.<\/p>\n<p><img decoding=\"async\" width=\"992\" height=\"558\" alt=\"Ein Warnschild an dem See\" src=\"https:\/\/www.europesays.com\/de\/wp-content\/uploads\/2025\/05\/2636b930372d5e101ebdf511522cbad7,afc7f84c\"   class=\"landscape\" loading=\"lazy\"\/><\/p>\n<p class=\"fig__caption__text\">Vom Baden wird im Tegeler See abgeraten<\/p>\n<p>Foto: Olaf Wagner<\/p>\n<p>Das sagen die Strandg\u00e4ste<\/p>\n<p>\u25ba Pelle K. (40) aus Berlin-Mitte macht mit seinem Sohn die erste sommerliche Fahrradtour des Jahres: \u201eIch h\u00f6re zum ersten Mal von den diesj\u00e4hrigen Blaualgen, habe die Schilder auch noch nicht gesehen, die hier h\u00e4ngen.\u201c Aber: \u201eMeine Kinder w\u00fcrde ich jetzt nicht mehr unbedingt ins Wasser lassen, die Schlucken das ja auch ziemlich schnell. Ich bin da lieber vorsichtig.\u201c<\/p>\n<p>\u25ba Gerlinde M\u00fcller (62) aus Berlin-Pankow, die gern mit ihrer H\u00fcndin Merle am See spazieren geht: \u201eMeine Merle ist eine richtige Wasserratte. Die liebt es, sich in den See zu st\u00fcrzen! Da machen mir die Algen auf jeden Fall Sorgen, schlie\u00dflich k\u00f6nnte sie alles M\u00f6gliche schlucken oder fressen.\u201c Sie l\u00e4sst Merle jetzt ganz bestimmt nicht mehr im Wasser spielen.<\/p>\n<p><img decoding=\"async\" width=\"992\" height=\"558\" alt=\"Gerlinde M\u00fcller (62) macht sich Sorgen um ihre H\u00fcndin Merle und l\u00e4sst sie nach dem Algen-Alarm nicht mehr im See spielen\" src=\"https:\/\/www.europesays.com\/de\/wp-content\/uploads\/2025\/05\/d4380d66ec19f545454439e639a7deed,53809212\"   class=\"landscape\" loading=\"lazy\"\/><\/p>\n<p class=\"fig__caption__text\">Gerlinde M\u00fcller (62) macht sich Sorgen um ihre H\u00fcndin Merle<\/p>\n<p>Foto: Olaf Wagner<\/p>\n<p>\u25ba Christel (74) aus Berlin-Reinickendorf: \u201eIch finde es \u00fcberraschend fr\u00fch f\u00fcr die Blaualgen, schlie\u00dflich ist es ja noch gar nicht so hei\u00df.\u201c Sie w\u00fcrde Abstand vom Wasser halten und nicht schwimmen \u2013 dieses Risiko will sie nicht eingehen. <\/p>\n<p>Mehrere Hunde an Algengift seit 2017 gestorben<\/p>\n<p>2017 wurden erstmals Blaualgentoxine im Tegeler See nachgewiesen. Seitdem sind bereits mehrere Hunde kurz nach einem Aufenthalt am Wasser an einer Intoxikation mit dem Blaualgengift gestorben. <\/p>\n","protected":false},"excerpt":{"rendered":"Berlin \u2013\u00a0Blaualgen am Tegeler See! Die Sommersaison ist noch gar nicht richtig gestartet, doch Schilder warnen schon: \u201eVom&hellip;\n","protected":false},"author":2,"featured_media":151923,"comment_status":"","ping_status":"","sticky":false,"template":"","format":"standard","meta":{"footnotes":""},"categories":[1825],"tags":[7837,5587,53948,1668,296,29,30,53949,45],"class_list":{"0":"post-151922","1":"post","2":"type-post","3":"status-publish","4":"format-standard","5":"has-post-thumbnail","7":"category-berlin","8":"tag-algen","9":"tag-baden","10":"tag-badesee","11":"tag-bakterien","12":"tag-berlin","13":"tag-deutschland","14":"tag-germany","15":"tag-giftige-pflanzen","16":"tag-texttospeech"},"share_on_mastodon":{"url":"https:\/\/pubeurope.com\/@de\/114597680070939620","error":""},"_links":{"self":[{"href":"https:\/\/www.europesays.com\/de\/wp-json\/wp\/v2\/posts\/151922","targetHints":{"allow":["GET"]}}],"collection":[{"href":"https:\/\/www.europesays.com\/de\/wp-json\/wp\/v2\/posts"}],"about":[{"href":"https:\/\/www.europesays.com\/de\/wp-json\/wp\/v2\/types\/post"}],"author":[{"embeddable":true,"href":"https:\/\/www.europesays.com\/de\/wp-json\/wp\/v2\/users\/2"}],"replies":[{"embeddable":true,"href":"https:\/\/www.europesays.com\/de\/wp-json\/wp\/v2\/comments?post=151922"}],"version-history":[{"count":0,"href":"https:\/\/www.europesays.com\/de\/wp-json\/wp\/v2\/posts\/151922\/revisions"}],"wp:featuredmedia":[{"embeddable":true,"href":"https:\/\/www.europesays.com\/de\/wp-json\/wp\/v2\/media\/151923"}],"wp:attachment":[{"href":"https:\/\/www.europesays.com\/de\/wp-json\/wp\/v2\/media?parent=151922"}],"wp:term":[{"taxonomy":"category","embeddable":true,"href":"https:\/\/www.europesays.com\/de\/wp-json\/wp\/v2\/categories?post=151922"},{"taxonomy":"post_tag","embeddable":true,"href":"https:\/\/www.europesays.com\/de\/wp-json\/wp\/v2\/tags?post=151922"}],"curies":[{"name":"wp","href":"https:\/\/api.w.org\/{rel}","templated":true}]}}