{"id":151934,"date":"2025-05-30T16:22:10","date_gmt":"2025-05-30T16:22:10","guid":{"rendered":"https:\/\/www.europesays.com\/de\/151934\/"},"modified":"2025-05-30T16:22:10","modified_gmt":"2025-05-30T16:22:10","slug":"sarah-connor-saengerin-gelingt-fuenftes-nummer-eins-album","status":"publish","type":"post","link":"https:\/\/www.europesays.com\/de\/151934\/","title":{"rendered":"Sarah Connor: S\u00e4ngerin gelingt f\u00fcnftes Nummer-eins-Album"},"content":{"rendered":"<p>Sarah Connor<br \/>\nS\u00e4ngerin gelingt f\u00fcnftes Nummer-eins-Album<\/p>\n<p><img class=\"image image-element__image\"   src=\"https:\/\/www.europesays.com\/de\/wp-content\/uploads\/2025\/05\/30--saengerin-gelingt-fuenftes-nummer-eins-album---3-2---spoton-article-1099935.jpg\" alt=\"Sarah Connor ist mit ihrem neuen Album &quot;Freigeistin&quot; eine Punktladung gelungen.\" decoding=\"async\" fetchpriority=\"high\" loading=\"eager\"\/><br \/>\n<a href=\"https:\/\/image.vip.de\/24385944\/t\/nY\/v1\/w2048\/r1.5\/-\/30--saengerin-gelingt-fuenftes-nummer-eins-album---3-2---spoton-article-1099935.jpg#ddp%2FPIC%20ONE%2FBen%20Kriemann\" class=\"image__magnifier\" aria-label=\"Vergr\u00f6\u00dfern\" rel=\"nofollow noopener\" target=\"_blank\"><\/p>\n<p>\n Sarah Connor ist mit ihrem neuen Album &#8222;Freigeistin&#8220; eine Punktladung gelungen. <\/p>\n<p>\u00a9 ddp\/PIC ONE\/Ben Kriemann<\/p>\n<p>\nErfolg f\u00fcr Sarah Connor: Ihr neues Album ist direkt auf Platz eins der Charts eingestiegen &#8211; ihr f\u00fcnftes Album auf der Spitzenposition.\n<\/p>\n<p class=\"text-element u-richtext u-typo u-typo--article-text article__text-element text-element--context-article\"> Sarah Connor, 44, beweist einmal mehr, dass sie auch mehr als 20 Jahre nach ihrem Durchbruch zu den gr\u00f6\u00dften Popstars Deutschlands geh\u00f6rt: Ihr neues Album &#8222;Freigeistin&#8220; ist direkt auf Platz eins der von GfK Entertainment ermittelten Offiziellen Deutschen Album-Charts eingestiegen. Damit sicherte sich die S\u00e4ngerin, die bereits seit mehr als 950 Wochen in den Hitlisten vertreten ist, ihr f\u00fcnftes Nummer-eins-Album. Erstmals gelang ihr das genau vor 20 Jahren mit ihrem Album &#8222;Naughty but Nice&#8220;.<\/p>\n<p class=\"text-element u-richtext u-typo u-typo--article-text article__text-element text-element--context-article\"> Auf den weiteren R\u00e4ngen folgen die S\u00fcdtiroler Punkband Unantastbar mit &#8222;F\u00fcr immer wir&#8220; auf Platz zwei, Billie Eilish steigt mit &#8222;Hit Me Hard And Soft&#8220; vom neunten auf den dritten Platz und Rapper Asche sichert sich mit &#8222;Barcodes II&#8220; den f\u00fcnften Platz. Die Vorwochensieger Linkin Park halten sich mit &#8222;From Zero&#8220; auf Rang sechs weiter wacker.<\/p>\n<p>Deutscher ESC-Beitrag h\u00e4lt sich weiter in den Top 10<\/p>\n<p class=\"text-element u-richtext u-typo u-typo--article-text article__text-element text-element--context-article\"> Auch in den Single-Charts bleibt es turbulent: Abor &amp; Tynna halten mit &#8222;Baller&#8220;, dem deutschen ESC-Beitrag, Platz zehn. Unter den weiteren Eurovision-Acts behaupten sich unter anderem Tommy Cash mit &#8222;Espresso Macchiato&#8220; (Platz 14), JJ mit &#8222;Wasted Love&#8220; (Platz 41) und Kyle Alessandro mit &#8222;Lighter&#8220; auf Platz 98.<\/p>\n<p class=\"text-element u-richtext u-typo u-typo--article-text article__text-element text-element--context-article\"> Die Spitzenposition in den Single-Charts bleibt unver\u00e4ndert: Pashanim &amp; Ceren dominieren weiterhin mit &#8222;Shabab(e)s im VIP&#8220;. Dahinter platzieren sich Alex Warren mit &#8222;Ordinary&#8220; auf dem zweiten Platz, Apache 207 sichert sich mit Platz drei f\u00fcr &#8222;Morgen&#8220; den h\u00f6chsten Neueinstieg.<\/p>\n<p>\nspot on news<\/p>\n","protected":false},"excerpt":{"rendered":"Sarah Connor S\u00e4ngerin gelingt f\u00fcnftes Nummer-eins-Album Sarah Connor ist mit ihrem neuen Album &#8222;Freigeistin&#8220; eine Punktladung gelungen. \u00a9&hellip;\n","protected":false},"author":2,"featured_media":151935,"comment_status":"","ping_status":"","sticky":false,"template":"","format":"standard","meta":{"footnotes":""},"categories":[1772],"tags":[29,214,30,1779,810,215],"class_list":{"0":"post-151934","1":"post","2":"type-post","3":"status-publish","4":"format-standard","5":"has-post-thumbnail","7":"category-musik","8":"tag-deutschland","9":"tag-entertainment","10":"tag-germany","11":"tag-music","12":"tag-musik","13":"tag-unterhaltung"},"share_on_mastodon":{"url":"https:\/\/pubeurope.com\/@de\/114597707388853527","error":""},"_links":{"self":[{"href":"https:\/\/www.europesays.com\/de\/wp-json\/wp\/v2\/posts\/151934","targetHints":{"allow":["GET"]}}],"collection":[{"href":"https:\/\/www.europesays.com\/de\/wp-json\/wp\/v2\/posts"}],"about":[{"href":"https:\/\/www.europesays.com\/de\/wp-json\/wp\/v2\/types\/post"}],"author":[{"embeddable":true,"href":"https:\/\/www.europesays.com\/de\/wp-json\/wp\/v2\/users\/2"}],"replies":[{"embeddable":true,"href":"https:\/\/www.europesays.com\/de\/wp-json\/wp\/v2\/comments?post=151934"}],"version-history":[{"count":0,"href":"https:\/\/www.europesays.com\/de\/wp-json\/wp\/v2\/posts\/151934\/revisions"}],"wp:featuredmedia":[{"embeddable":true,"href":"https:\/\/www.europesays.com\/de\/wp-json\/wp\/v2\/media\/151935"}],"wp:attachment":[{"href":"https:\/\/www.europesays.com\/de\/wp-json\/wp\/v2\/media?parent=151934"}],"wp:term":[{"taxonomy":"category","embeddable":true,"href":"https:\/\/www.europesays.com\/de\/wp-json\/wp\/v2\/categories?post=151934"},{"taxonomy":"post_tag","embeddable":true,"href":"https:\/\/www.europesays.com\/de\/wp-json\/wp\/v2\/tags?post=151934"}],"curies":[{"name":"wp","href":"https:\/\/api.w.org\/{rel}","templated":true}]}}