{"id":151942,"date":"2025-05-30T16:26:08","date_gmt":"2025-05-30T16:26:08","guid":{"rendered":"https:\/\/www.europesays.com\/de\/151942\/"},"modified":"2025-05-30T16:26:08","modified_gmt":"2025-05-30T16:26:08","slug":"charlotte-wuerdig-auf-doener-date-mit-calvin-kleinen-unterhaltung","status":"publish","type":"post","link":"https:\/\/www.europesays.com\/de\/151942\/","title":{"rendered":"Charlotte W\u00fcrdig auf D\u00f6ner-Date mit Calvin Kleinen | Unterhaltung"},"content":{"rendered":"<p><b>TV-Casanova Calvin Kleinen und Moderatorin Charlotte W\u00fcrdig hatten ein \u00fcberraschendes Date!<\/b><\/p>\n<p>Tiefe Gespr\u00e4che beim D\u00f6ner. Eine Konstellation, \u00fcber die Fans sich jetzt sehr wundern. Wie fanden die beiden blo\u00df zueinander?<\/p>\n<p><b>Erfahren Sie mit BILDplus, wie sich Kleinen und W\u00fcrdig kennenlernten, wie ihr Date verlief und warum es unter anderem an Charlottes Ex-Mann, Rapper Sido scheiterte. <\/b><\/p>\n","protected":false},"excerpt":{"rendered":"TV-Casanova Calvin Kleinen und Moderatorin Charlotte W\u00fcrdig hatten ein \u00fcberraschendes Date! Tiefe Gespr\u00e4che beim D\u00f6ner. Eine Konstellation, \u00fcber&hellip;\n","protected":false},"author":2,"featured_media":151943,"comment_status":"","ping_status":"","sticky":false,"template":"","format":"standard","meta":{"footnotes":""},"categories":[155],"tags":[27375,29,214,30,27373,1487,21489,45,215,27376],"class_list":{"0":"post-151942","1":"post","2":"type-post","3":"status-publish","4":"format-standard","5":"has-post-thumbnail","7":"category-unterhaltung","8":"tag-deutsche-promis","9":"tag-deutschland","10":"tag-entertainment","11":"tag-germany","12":"tag-heirat","13":"tag-reality-stars","14":"tag-sido","15":"tag-texttospeech","16":"tag-unterhaltung","17":"tag-wuerdig-charlotte"},"share_on_mastodon":{"url":"","error":""},"_links":{"self":[{"href":"https:\/\/www.europesays.com\/de\/wp-json\/wp\/v2\/posts\/151942","targetHints":{"allow":["GET"]}}],"collection":[{"href":"https:\/\/www.europesays.com\/de\/wp-json\/wp\/v2\/posts"}],"about":[{"href":"https:\/\/www.europesays.com\/de\/wp-json\/wp\/v2\/types\/post"}],"author":[{"embeddable":true,"href":"https:\/\/www.europesays.com\/de\/wp-json\/wp\/v2\/users\/2"}],"replies":[{"embeddable":true,"href":"https:\/\/www.europesays.com\/de\/wp-json\/wp\/v2\/comments?post=151942"}],"version-history":[{"count":0,"href":"https:\/\/www.europesays.com\/de\/wp-json\/wp\/v2\/posts\/151942\/revisions"}],"wp:featuredmedia":[{"embeddable":true,"href":"https:\/\/www.europesays.com\/de\/wp-json\/wp\/v2\/media\/151943"}],"wp:attachment":[{"href":"https:\/\/www.europesays.com\/de\/wp-json\/wp\/v2\/media?parent=151942"}],"wp:term":[{"taxonomy":"category","embeddable":true,"href":"https:\/\/www.europesays.com\/de\/wp-json\/wp\/v2\/categories?post=151942"},{"taxonomy":"post_tag","embeddable":true,"href":"https:\/\/www.europesays.com\/de\/wp-json\/wp\/v2\/tags?post=151942"}],"curies":[{"name":"wp","href":"https:\/\/api.w.org\/{rel}","templated":true}]}}