{"id":151948,"date":"2025-05-30T16:30:12","date_gmt":"2025-05-30T16:30:12","guid":{"rendered":"https:\/\/www.europesays.com\/de\/151948\/"},"modified":"2025-05-30T16:30:12","modified_gmt":"2025-05-30T16:30:12","slug":"gewerkschaft-der-polizei-gdp-schlaegt-alarm","status":"publish","type":"post","link":"https:\/\/www.europesays.com\/de\/151948\/","title":{"rendered":"Gewerkschaft der Polizei (GdP) schl\u00e4gt Alarm"},"content":{"rendered":"<p>Gewerkschaft der Polizei schl\u00e4gt Alarm <\/p>\n<p>&#8222;Es braucht jetzt ein klares Signal&#8220;<\/p>\n<p>30.05.2025 &#8211; 16:56 UhrLesedauer: 2 Min.<\/p>\n<p><a href=\"#focus-0\" class=\"transition-colors duration-200 focus-within:text-magenta block text-current relative\" data-sctrack=\"FocusGalleryImage.Reference\"><img fetchpriority=\"high\" data-testid=\"Opener.Image\" style=\"--lqipURL:url('https:\/\/images.t-online.de\/2025\/05\/8Ez3nFlCjT7y\/0x9:2048x1152\/fit-in\/150x0\/filters:blur(25)\/polizist-haelt-einen-aus-luxemburg-kommenden-transporter-an-der-a64-in-trier-auf.jpg')\"   loading=\"eager\" src=\"https:\/\/www.europesays.com\/de\/wp-content\/uploads\/2025\/05\/polizist-haelt-einen-aus-luxemburg-kommenden-transporter-an-der-a64-in-trier-auf.jpg\" alt=\"urn:newsml:dpa.com:20090101:250529-935-617740\" title=\"urn:newsml:dpa.com:20090101:250529-935-617740\" width=\"2048\" height=\"1152\" class=\"bg-[url:var(--lqipURL)] bg-cover bg-center flex w-full max-w-full h-full\" decoding=\"async\"\/><img style=\"--width:32;--height:32\" loading=\"lazy\" src=\"https:\/\/www.europesays.com\/de\/wp-content\/uploads\/2025\/05\/zoom-in.f7dae02f.svg.svg+xml\" alt=\"Vergr\u00f6\u00dfern des Bildes\" title=\"Vergr\u00f6\u00dfern des Bildes\" class=\"&#10;        block&#10;        h-[calc(var(--height)_\/_16_*_1rem)]&#10;        w-[calc(var(--width)_\/_16_*_1rem)]&#10;        max-w-none&#10;        absolute bottom-8 right-8 rounded-4 bg-snow p-8\" decoding=\"async\"\/><\/a><\/p>\n<p>Polizist h\u00e4lt einen aus Luxemburg kommenden Transporter an der A64 in Trier auf: &#8222;Es braucht jetzt ein klares Signal der Unterst\u00fctzung f\u00fcr die Einsatzkr\u00e4fte.&#8220; (Quelle: Harald Tittel)<\/p>\n<p class=\"font-bold text-18 leading-17\">Seit gut drei Wochen kontrolliert die Bundespolizei verst\u00e4rkt an den deutschen Grenzen. Jetzt klagen viele Beamte \u00fcber die zus\u00e4tzliche Belastung.<\/p>\n<p class=\"text-18 leading-17\">Gut drei Wochen nach Einf\u00fchrung der versch\u00e4rften Kontrollen an den deutschen Grenzen sieht die Gewerkschaft der Polizei die Einsatzkr\u00e4fte der Bundespolizei an der Belastungsgrenze. Diese sei &#8222;nicht nur erreicht, sie ist f\u00fcr viele l\u00e4ngst \u00fcberschritten&#8220;, sagte der Chef der Gewerkschaft der Polizei (GdP) f\u00fcr die Bundespolizei, Andreas Ro\u00dfkopf, der &#8222;Rheinischen Post&#8220;.<\/p>\n<p class=\"text-18 leading-17\">In einer <a class=\"transition-colors duration-200 cursor-pointer text-inherit no-underline text-salemsfur md:hover:text-magenta md:hover:border-magenta md:focus:text-magenta border-current border-b border-solid break-words\" href=\"https:\/\/www.t-online.de\/themen\/umfragen\/\" data-sctrack=\"BodyAnchor\" rel=\"nofollow noopener\" target=\"_blank\">Umfrage<\/a> der Gewerkschaft unter bislang rund 2.000 Einsatzkr\u00e4ften h\u00e4tten rund 70 Prozent angegeben, die Grenzkontrollen f\u00fcr nicht l\u00e4nger durchhaltbar zu halten. Knapp 77 Prozent lehnten daf\u00fcr Einschr\u00e4nkungen bei Urlaub und Dienstbefreiung &#8222;strikt&#8220; ab. Rund 42 Prozent der Besch\u00e4ftigten h\u00e4tten angegeben, aktuell &#8222;unter Volllast&#8220; zu arbeiten \u2013 nur 18,7 Prozent empfanden die Lage als &#8222;entspannt&#8220;.<\/p>\n<p class=\"text-18 leading-17\">Ro\u00dfkopf forderte daher: &#8222;Es braucht jetzt ein klares Signal der Unterst\u00fctzung f\u00fcr die Einsatzkr\u00e4fte.&#8220; Er sieht Bundesinnenminister <a class=\"transition-colors duration-200 cursor-pointer text-inherit no-underline text-salemsfur md:hover:text-magenta md:hover:border-magenta md:focus:text-magenta border-current border-b border-solid break-words\" href=\"https:\/\/www.t-online.de\/themen\/alexander-dobrindt\/\" data-sctrack=\"BodyAnchor\" rel=\"nofollow noopener\" target=\"_blank\">Alexander Dobrindt<\/a> (CSU) in der Pflicht, f\u00fcr mehr Personal, mehr Planbarkeit, mehr Entlastung, bessere Ausstattung und Infrastruktur zu sorgen.<\/p>\n<p class=\"text-18 leading-17\">Dobrindt hatte Anfang Mai kurz nach Amts\u00fcbernahme im Innenministerium die versch\u00e4rften Kontrollen an den deutschen Grenzen angeordnet. Dadurch sollen die Migrationszahlen nach Deutschland St\u00fcck f\u00fcr St\u00fcck sinken. Polizeigewerkschafter kritisierten aber bereits, dass das Personal der Bundespolizei nicht ausreiche, um die Kontrollen dauerhaft aufrechtzuerhalten. Dobrindt wies die Kritik k\u00fcrzlich zur\u00fcck und sagte unter Berufung auf die Bundespolizei, <a class=\"transition-colors duration-200 cursor-pointer text-inherit no-underline text-salemsfur md:hover:text-magenta md:hover:border-magenta md:focus:text-magenta border-current border-b border-solid break-words\" href=\"https:\/\/www.t-online.de\/nachrichten\/deutschland\/id_100733566\/dobrindt-bundespolizei-haelt-grenzkontrollen-laenger-durch.html\" data-sctrack=\"BodyAnchor\" rel=\"nofollow noopener\" target=\"_blank\">dass die versch\u00e4rften Grenzkontrollen noch l\u00e4nger durchzuhalten seien<\/a>.<\/p>\n<p class=\"text-18 leading-17\">Die Bundespolizei bat nun auch den Zoll um Unterst\u00fctzung bei den Kontrollen. &#8222;Die Bundespolizei hat ein Amtshilfeersuchen zur weiteren Unterst\u00fctzung bei den Grenzkontrollen an den Zoll gestellt. Dieses wird derzeit vom Zoll gepr\u00fcft&#8220;, teilte eine Sprecherin des f\u00fcr den Zoll zust\u00e4ndigen Finanzministeriums mit. An den Grenzen zu insgesamt acht Nachbarstaaten hilft der Zoll bereits mit bis zu 450 Einsatzkr\u00e4ften aus.<\/p>\n","protected":false},"excerpt":{"rendered":"Gewerkschaft der Polizei schl\u00e4gt Alarm &#8222;Es braucht jetzt ein klares Signal&#8220; 30.05.2025 &#8211; 16:56 UhrLesedauer: 2 Min. Polizist&hellip;\n","protected":false},"author":2,"featured_media":151949,"comment_status":"","ping_status":"","sticky":false,"template":"","format":"standard","meta":{"footnotes":""},"categories":[2],"tags":[326,20,421,29,2540,30,2526,8014,13,17614,14,15,12,10,8,9,11,28310],"class_list":{"0":"post-151948","1":"post","2":"type-post","3":"status-publish","4":"format-standard","5":"has-post-thumbnail","7":"category-deutschland","8":"tag-326","9":"tag-alexander-dobrindt","10":"tag-bundespolizei","11":"tag-deutschland","12":"tag-einsatzkraft","13":"tag-germany","14":"tag-gewerkschaften","15":"tag-grenzkontrolle","16":"tag-headlines","17":"tag-luxemburg","18":"tag-nachrichten","19":"tag-news","20":"tag-schlagzeilen","21":"tag-top-news","22":"tag-top-meldungen","23":"tag-topmeldungen","24":"tag-topnews","25":"tag-trier"},"share_on_mastodon":{"url":"https:\/\/pubeurope.com\/@de\/114597738953866219","error":""},"_links":{"self":[{"href":"https:\/\/www.europesays.com\/de\/wp-json\/wp\/v2\/posts\/151948","targetHints":{"allow":["GET"]}}],"collection":[{"href":"https:\/\/www.europesays.com\/de\/wp-json\/wp\/v2\/posts"}],"about":[{"href":"https:\/\/www.europesays.com\/de\/wp-json\/wp\/v2\/types\/post"}],"author":[{"embeddable":true,"href":"https:\/\/www.europesays.com\/de\/wp-json\/wp\/v2\/users\/2"}],"replies":[{"embeddable":true,"href":"https:\/\/www.europesays.com\/de\/wp-json\/wp\/v2\/comments?post=151948"}],"version-history":[{"count":0,"href":"https:\/\/www.europesays.com\/de\/wp-json\/wp\/v2\/posts\/151948\/revisions"}],"wp:featuredmedia":[{"embeddable":true,"href":"https:\/\/www.europesays.com\/de\/wp-json\/wp\/v2\/media\/151949"}],"wp:attachment":[{"href":"https:\/\/www.europesays.com\/de\/wp-json\/wp\/v2\/media?parent=151948"}],"wp:term":[{"taxonomy":"category","embeddable":true,"href":"https:\/\/www.europesays.com\/de\/wp-json\/wp\/v2\/categories?post=151948"},{"taxonomy":"post_tag","embeddable":true,"href":"https:\/\/www.europesays.com\/de\/wp-json\/wp\/v2\/tags?post=151948"}],"curies":[{"name":"wp","href":"https:\/\/api.w.org\/{rel}","templated":true}]}}