{"id":151956,"date":"2025-05-30T16:35:10","date_gmt":"2025-05-30T16:35:10","guid":{"rendered":"https:\/\/www.europesays.com\/de\/151956\/"},"modified":"2025-05-30T16:35:10","modified_gmt":"2025-05-30T16:35:10","slug":"was-ist-nun-schon-wieder-los-naechste-raetselhafte-installation-in-chemnitz-aufgetaucht","status":"publish","type":"post","link":"https:\/\/www.europesays.com\/de\/151956\/","title":{"rendered":"Was ist nun schon wieder los? N\u00e4chste r\u00e4tselhafte Installation in Chemnitz aufgetaucht"},"content":{"rendered":"<p class=\"bold\">\n\t\t\t\t\t\t\t\t\t\tNach \u201eSterben in Karl-Marx-Stadt\u201c an der Stadthalle und \u201eF\u00fcrchtet euch nicht\u201c am Bahnhof flimmern nun des Nachts \u00fcber die bunte Esse r\u00e4tselhafte Schriftz\u00fcge. Eine Spurensuche.\t\t\t\t<\/p>\n<p>\t\t\t\t Der Takt, in dem in Chemnitz neuerdings chiffrierte Botschaften an prominenter Stelle im \u00f6ffentlichen Raum platziert werden, schlaucht so langsam. Erregungspotenzial in der Netzgemeinde gibt es aber noch. Der neueste Aufreger: ein wei\u00df leuchtender Schriftzug, der \u00fcber die bunte Esse mit Daniel Burens Lichtkunst l\u00e4uft. \u201eRettet die Wale! Kauft&#8230;<\/p>\n<p>\t\t<img decoding=\"async\" class=\"fp-plus-logo\" src=\"https:\/\/www.europesays.com\/de\/wp-content\/uploads\/2025\/04\/fpplus.svg.svg+xml\" alt=\"Freie Presse plus Logo\"\/><\/p>\n<p>Registrieren und testen.<\/p>\n<p>Jetzt mit Ihrer Registrierung 1 Monat gratis testen und alle Beitr\u00e4ge lesen.<\/p>\n<p>Schon Abonnent? Melden Sie sich mit ihren Zugangsdaten an.<\/p>\n","protected":false},"excerpt":{"rendered":"Nach \u201eSterben in Karl-Marx-Stadt\u201c an der Stadthalle und \u201eF\u00fcrchtet euch nicht\u201c am Bahnhof flimmern nun des Nachts \u00fcber&hellip;\n","protected":false},"author":2,"featured_media":151957,"comment_status":"","ping_status":"","sticky":false,"template":"","format":"standard","meta":{"footnotes":""},"categories":[1851],"tags":[2770,3364,29,548,663,3934,30,13,17318,14,15,859,12],"class_list":{"0":"post-151956","1":"post","2":"type-post","3":"status-publish","4":"format-standard","5":"has-post-thumbnail","7":"category-chemnitz","8":"tag-chemnitz","9":"tag-de","10":"tag-deutschland","11":"tag-eu","12":"tag-europa","13":"tag-europe","14":"tag-germany","15":"tag-headlines","16":"tag-kriminalitaet-verstoesse","17":"tag-nachrichten","18":"tag-news","19":"tag-sachsen","20":"tag-schlagzeilen"},"share_on_mastodon":{"url":"https:\/\/pubeurope.com\/@de\/114597758458079208","error":""},"_links":{"self":[{"href":"https:\/\/www.europesays.com\/de\/wp-json\/wp\/v2\/posts\/151956","targetHints":{"allow":["GET"]}}],"collection":[{"href":"https:\/\/www.europesays.com\/de\/wp-json\/wp\/v2\/posts"}],"about":[{"href":"https:\/\/www.europesays.com\/de\/wp-json\/wp\/v2\/types\/post"}],"author":[{"embeddable":true,"href":"https:\/\/www.europesays.com\/de\/wp-json\/wp\/v2\/users\/2"}],"replies":[{"embeddable":true,"href":"https:\/\/www.europesays.com\/de\/wp-json\/wp\/v2\/comments?post=151956"}],"version-history":[{"count":0,"href":"https:\/\/www.europesays.com\/de\/wp-json\/wp\/v2\/posts\/151956\/revisions"}],"wp:featuredmedia":[{"embeddable":true,"href":"https:\/\/www.europesays.com\/de\/wp-json\/wp\/v2\/media\/151957"}],"wp:attachment":[{"href":"https:\/\/www.europesays.com\/de\/wp-json\/wp\/v2\/media?parent=151956"}],"wp:term":[{"taxonomy":"category","embeddable":true,"href":"https:\/\/www.europesays.com\/de\/wp-json\/wp\/v2\/categories?post=151956"},{"taxonomy":"post_tag","embeddable":true,"href":"https:\/\/www.europesays.com\/de\/wp-json\/wp\/v2\/tags?post=151956"}],"curies":[{"name":"wp","href":"https:\/\/api.w.org\/{rel}","templated":true}]}}