{"id":151960,"date":"2025-05-30T16:37:12","date_gmt":"2025-05-30T16:37:12","guid":{"rendered":"https:\/\/www.europesays.com\/de\/151960\/"},"modified":"2025-05-30T16:37:12","modified_gmt":"2025-05-30T16:37:12","slug":"neuer-plan-fuer-umbau-fuer-ogata","status":"publish","type":"post","link":"https:\/\/www.europesays.com\/de\/151960\/","title":{"rendered":"Neuer Plan f\u00fcr Umbau f\u00fcr Ogata"},"content":{"rendered":"<p class=\"text_ohne_einzug richtext text-em-55 !leading-serif mx-6 desktop:mx-0\">Die Annaschule braucht mehr R\u00e4ume. Denn nur so ist es dort m\u00f6glich, die so gefragten Betreuungspl\u00e4tze f\u00fcr den Offenen Ganztag (OGS) zu schaffen. F\u00fcr 3,5\u2005Millionen Euro war ein Umbau der Grundschule im Herzen Windbergs geplant \u2013 und sogar politisch beschlossen. Doch die Baugenehmigung blieb aus und das Verfahren geriet in die Schwebe. Nun geht es nach Informationen unserer Redaktion aber wieder voran, mit einem neuen Umbauplan bei etwa gleichen Kosten.<\/p>\n","protected":false},"excerpt":{"rendered":"Die Annaschule braucht mehr R\u00e4ume. Denn nur so ist es dort m\u00f6glich, die so gefragten Betreuungspl\u00e4tze f\u00fcr den&hellip;\n","protected":false},"author":2,"featured_media":151961,"comment_status":"","ping_status":"","sticky":false,"template":"","format":"standard","meta":{"footnotes":""},"categories":[1849],"tags":[5871,19940,18182,5964,19729,3364,29,548,663,3934,53950,30,13,4455,14,15,1209,2102,16,12],"class_list":{"0":"post-151960","1":"post","2":"type-post","3":"status-publish","4":"format-standard","5":"has-post-thumbnail","7":"category-moenchengladbach","8":"tag-grundschule","9":"tag-offener-ganztag","10":"tag-ogs","11":"tag-umbau","12":"tag-bauvorhaben","13":"tag-de","14":"tag-deutschland","15":"tag-eu","16":"tag-europa","17":"tag-europe","18":"tag-ganztagschule","19":"tag-germany","20":"tag-headlines","21":"tag-moenchengladbach","22":"tag-nachrichten","23":"tag-news","24":"tag-nordrhein-westfalen","25":"tag-plan","26":"tag-politik","27":"tag-schlagzeilen"},"share_on_mastodon":{"url":"https:\/\/pubeurope.com\/@de\/114597766390682299","error":""},"_links":{"self":[{"href":"https:\/\/www.europesays.com\/de\/wp-json\/wp\/v2\/posts\/151960","targetHints":{"allow":["GET"]}}],"collection":[{"href":"https:\/\/www.europesays.com\/de\/wp-json\/wp\/v2\/posts"}],"about":[{"href":"https:\/\/www.europesays.com\/de\/wp-json\/wp\/v2\/types\/post"}],"author":[{"embeddable":true,"href":"https:\/\/www.europesays.com\/de\/wp-json\/wp\/v2\/users\/2"}],"replies":[{"embeddable":true,"href":"https:\/\/www.europesays.com\/de\/wp-json\/wp\/v2\/comments?post=151960"}],"version-history":[{"count":0,"href":"https:\/\/www.europesays.com\/de\/wp-json\/wp\/v2\/posts\/151960\/revisions"}],"wp:featuredmedia":[{"embeddable":true,"href":"https:\/\/www.europesays.com\/de\/wp-json\/wp\/v2\/media\/151961"}],"wp:attachment":[{"href":"https:\/\/www.europesays.com\/de\/wp-json\/wp\/v2\/media?parent=151960"}],"wp:term":[{"taxonomy":"category","embeddable":true,"href":"https:\/\/www.europesays.com\/de\/wp-json\/wp\/v2\/categories?post=151960"},{"taxonomy":"post_tag","embeddable":true,"href":"https:\/\/www.europesays.com\/de\/wp-json\/wp\/v2\/tags?post=151960"}],"curies":[{"name":"wp","href":"https:\/\/api.w.org\/{rel}","templated":true}]}}