{"id":151962,"date":"2025-05-30T16:38:11","date_gmt":"2025-05-30T16:38:11","guid":{"rendered":"https:\/\/www.europesays.com\/de\/151962\/"},"modified":"2025-05-30T16:38:11","modified_gmt":"2025-05-30T16:38:11","slug":"parteilose-ratsfrau-sibylle-weber-tritt-zur-kommunalwahl-an","status":"publish","type":"post","link":"https:\/\/www.europesays.com\/de\/151962\/","title":{"rendered":"Parteilose Ratsfrau Sibylle Weber tritt zur Kommunalwahl an"},"content":{"rendered":"<p>\t\tKommunalwahl in Herten 2025<br \/>\n\t\t\t\t\tParteilose Ratsfrau Sibylle Weber tritt wieder an \u2013 nicht allein<\/p>\n<p>\t\t<img alt=\"\" src=\"https:\/\/www.europesays.com\/de\/wp-content\/uploads\/2025\/04\/630_0036_1294090_.jpg\"  class=\"avatar avatar-36 photo avatar-default\" height=\"36\" width=\"36\" loading=\"lazy\" decoding=\"async\"\/>\t\t<a class=\"article-author__name\" href=\"https:\/\/www.hertener-allgemeine.de\/author\/harald-landgraf\/\" rel=\"author noopener\" target=\"_blank\">Harald Landgraf<\/a><br \/>\n\t\tRedakteur<\/p>\n<p>\t30.05.2025 17:30 Uhr<\/p>\n<p>\t\tTeilen<\/p>\n<p>\n\tIn Merkliste \u00fcbernehmen\n<\/p>\n<p>    <a href=\"https:\/\/www.hertener-allgemeine.de\/wp-content\/uploads\/2025\/05\/28\/14\/630_0900_4747314_HAL_Sibylle_Weber_Herten-1648x824.jpg\" target=\"_blank\" rel=\"noopener\"><\/p>\n<p>            <img loading=\"lazy\" decoding=\"async\" src=\"https:\/\/www.europesays.com\/de\/wp-content\/uploads\/2025\/05\/630_0900_4747313_HAL_Sibylle_Weber_Herten-640x428.jpg\" width=\"640\" height=\"428\"  alt=\"Ratsfrau Sibylle Weber und ihr Hund Blue vor der Antoniuskirche\"\/><\/p>\n<p>    <\/a><br \/>\n    Sibylle Weber suchte nach Mitstreiterinnen und Mitstreitern f\u00fcr ein neues W\u00e4hlerb\u00fcndnis und fand sie. Gr\u00fcndungstag war Sonntag, 25. Mai. \u00a9 Harald Landgraf<\/p>\n<p class=\"article__teaser-text\">Wenn Sibylle Weber zur n\u00e4chsten Kommunalwahl antritt, dann nicht als Mitglied einer bestehenden Partei. Das klappt nicht. Sie gr\u00fcndet eine W\u00e4hlergemeinschaft.<\/p>\n<p>2 Min Lesezeit<\/p>\n<p>Parken in Herten soll wieder einfacher werden<\/p>\n<p>\n\t<a href=\"https:\/\/www.hertener-allgemeine.de\" class=\"button button--brand button--link home-button\" target=\"_blank\" rel=\"noopener\">Zur Startseite<\/a><\/p>\n","protected":false},"excerpt":{"rendered":"Kommunalwahl in Herten 2025 Parteilose Ratsfrau Sibylle Weber tritt wieder an \u2013 nicht allein Harald Landgraf Redakteur 30.05.2025&hellip;\n","protected":false},"author":2,"featured_media":151963,"comment_status":"","ping_status":"","sticky":false,"template":"","format":"standard","meta":{"footnotes":""},"categories":[1848],"tags":[3364,29,548,663,3934,3658,30,13,3648,14,15,1209,32663,12],"class_list":{"0":"post-151962","1":"post","2":"type-post","3":"status-publish","4":"format-standard","5":"has-post-thumbnail","7":"category-gelsenkirchen","8":"tag-de","9":"tag-deutschland","10":"tag-eu","11":"tag-europa","12":"tag-europe","13":"tag-gelsenkirchen","14":"tag-germany","15":"tag-headlines","16":"tag-lokalpolitik","17":"tag-nachrichten","18":"tag-news","19":"tag-nordrhein-westfalen","20":"tag-rathaus-herten","21":"tag-schlagzeilen"},"share_on_mastodon":{"url":"https:\/\/pubeurope.com\/@de\/114597770379681171","error":""},"_links":{"self":[{"href":"https:\/\/www.europesays.com\/de\/wp-json\/wp\/v2\/posts\/151962","targetHints":{"allow":["GET"]}}],"collection":[{"href":"https:\/\/www.europesays.com\/de\/wp-json\/wp\/v2\/posts"}],"about":[{"href":"https:\/\/www.europesays.com\/de\/wp-json\/wp\/v2\/types\/post"}],"author":[{"embeddable":true,"href":"https:\/\/www.europesays.com\/de\/wp-json\/wp\/v2\/users\/2"}],"replies":[{"embeddable":true,"href":"https:\/\/www.europesays.com\/de\/wp-json\/wp\/v2\/comments?post=151962"}],"version-history":[{"count":0,"href":"https:\/\/www.europesays.com\/de\/wp-json\/wp\/v2\/posts\/151962\/revisions"}],"wp:featuredmedia":[{"embeddable":true,"href":"https:\/\/www.europesays.com\/de\/wp-json\/wp\/v2\/media\/151963"}],"wp:attachment":[{"href":"https:\/\/www.europesays.com\/de\/wp-json\/wp\/v2\/media?parent=151962"}],"wp:term":[{"taxonomy":"category","embeddable":true,"href":"https:\/\/www.europesays.com\/de\/wp-json\/wp\/v2\/categories?post=151962"},{"taxonomy":"post_tag","embeddable":true,"href":"https:\/\/www.europesays.com\/de\/wp-json\/wp\/v2\/tags?post=151962"}],"curies":[{"name":"wp","href":"https:\/\/api.w.org\/{rel}","templated":true}]}}