{"id":152022,"date":"2025-05-30T17:09:12","date_gmt":"2025-05-30T17:09:12","guid":{"rendered":"https:\/\/www.europesays.com\/de\/152022\/"},"modified":"2025-05-30T17:09:12","modified_gmt":"2025-05-30T17:09:12","slug":"holocaust-gedenkstaette-fahnder-fassen-neonazi-der-dort-kraenze-klaute-regional","status":"publish","type":"post","link":"https:\/\/www.europesays.com\/de\/152022\/","title":{"rendered":"Holocaust-Gedenkst\u00e4tte: Fahnder fassen Neonazi, der dort Kr\u00e4nze klaute | Regional"},"content":{"rendered":"<p>Hannover \u2013 <b>Der Neonazi, der im Januar die Holocaust-Gedenkst\u00e4tte in Hannover-Ahlem gesch\u00e4ndet haben soll, sitzt jetzt hinter Gittern. Zum Tatzeitpunkt war er nach bisherigen Erkenntnissen Mitglied der AfD.<\/b><\/p>\n<p>Zielfahnder fassten den polizeibekannten Angelos L. (25) in Budapest (<a href=\"https:\/\/www.bild.de\/news\/ausland\/ungarn\/thema-ungarn-alle-infos-80026866.bild.html\" class=\"text-link\" target=\"_blank\" rel=\"noopener\">Ungarn<\/a>). Dorthin hatte er sich im M\u00e4rz abgesetzt, nachdem die Staatsanwaltschaft Hannover begonnen hatte, gegen ihn zu ermitteln. Ausgangspunkt daf\u00fcr waren Aufnahmen aus \u00dcberwachungskameras, die zeigten, wie ein Mann Kr\u00e4nze in der <a href=\"https:\/\/www.bild.de\/themen\/ereignisse\/holocaust\/nachrichten-news-fotos-videos-20286602.bild.html\" class=\"text-link\" target=\"_blank\" rel=\"noopener\">Holocaust<\/a>-Gedenkst\u00e4tte besch\u00e4digt und stiehlt. Ermittler waren sich sicher, dass es sich dabei um L. handelte.<\/p>\n<p><img decoding=\"async\" width=\"992\" height=\"558\" alt=\"Ungarn: Maskierte Anti-Terror-Fahnder stopfen Neonazi L. in ein Auto\" src=\"https:\/\/www.europesays.com\/de\/wp-content\/uploads\/2025\/05\/985759dacc551d80813ab7d640cb994f,ec7f56b4\"   class=\"landscape\" loading=\"lazy\"\/><\/p>\n<p class=\"fig__caption__text\">Maskierte Anti-Terror-Fahnder stopfen Neonazi L. in ein Auto<\/p>\n<p>Foto: PoliceHungary<\/p>\n<p>Eine Hausdurchsuchung bei ihm brachte dann beunruhigende Ergebnisse: <a href=\"https:\/\/www.bild.de\/regional\/hannover\/ns-gedenkstaette-polizei-findet-maschinenpistole-bei-rechtsextremisten-67b49aeda918eb195a71f288\" class=\"text-link\" target=\"_blank\" rel=\"noopener\">Die Polizei fand eine Maschinenpistole<\/a> und dazugeh\u00f6rige Munition. Kathrin S\u00f6fker, Pressesprecherin der Staatsanwaltschaft Hannover, zu BILD: \u201eDie Untersuchungen der Waffe sind abgeschlossen: Sie ist voll funktionsf\u00e4hig.\u201c<\/p>\n<p>Wegen Fluchtgefahr sitzt L. jetzt in einer Justizvollzugsanstalt in <a href=\"https:\/\/www.bild.de\/regional\/niedersachsen\/home-Pxo03tc7w7hEgqy6Clw4\" class=\"text-link\" target=\"_blank\" rel=\"noopener\">Niedersachsen<\/a> in Untersuchungshaft.<\/p>\n<p><img decoding=\"async\" width=\"992\" height=\"558\" alt=\"Gedenkst\u00e4tte Hannover-Ahlem, an der Wand die Namen von Opfern der Nationalsozialisten, hier wurden im Januar Kr\u00e4nze besch\u00e4digt und gestohlen\" src=\"https:\/\/www.europesays.com\/de\/wp-content\/uploads\/2025\/05\/f85a49d08ea52b6989913831ae1d0ea6,45040f38\"   class=\"landscape\" loading=\"lazy\"\/><\/p>\n<p class=\"fig__caption__text\">Die Gedenkst\u00e4tte Hannover-Ahlem: An der Wand stehen die Namen von Opfern der Nationalsozialisten. Hier wurden im Januar Kr\u00e4nze besch\u00e4digt und gestohlen<\/p>\n<p>Foto: picture alliance\/dpa<\/p>\n<p>AfD-Unterlagen sollen ebenfalls in der Wohnung gefunden worden sein. Sie sollen die Partei-Mitgliedschaft des 25-J\u00e4hrigen best\u00e4tigen.<\/p>\n<p>Lesen Sie auch<\/p>\n<p>Die Hannoversche Allgemeine Zeitung konfrontierte den AfD-Landesvorsitzenden Ansgar Schledde damit. Vertreter der vom <a href=\"https:\/\/www.bild.de\/themen\/organisationen\/verfassungsschutz\/politik-nachrichten-news-fotos-videos-21195430.bild.html\" class=\"text-link\" target=\"_blank\" rel=\"noopener\">Verfassungsschutz<\/a> als rechtsextremistisch eingestuften Partei h\u00e4tten bisher immer abgestritten, L. in ihren Reihen zu haben. Wie die Zeitung berichtet, habe Schledde daraufhin erkl\u00e4rt, die Mitgliedschaft von L. sei annulliert und somit ung\u00fcltig.<\/p>\n<p>Polizei und Staatsanwaltschaft ermitteln gegen L. wegen gemeinsch\u00e4dlicher Sachbesch\u00e4digung, Diebstahls, Verst\u00f6\u00dfen gegen das Waffen- und das Bet\u00e4ubungsmittelgesetz. <\/p>\n","protected":false},"excerpt":{"rendered":"Hannover \u2013 Der Neonazi, der im Januar die Holocaust-Gedenkst\u00e4tte in Hannover-Ahlem gesch\u00e4ndet haben soll, sitzt jetzt hinter Gittern.&hellip;\n","protected":false},"author":2,"featured_media":152023,"comment_status":"","ping_status":"","sticky":false,"template":"","format":"standard","meta":{"footnotes":""},"categories":[1836],"tags":[150,8012,3364,29,9894,2416,30,46,9681,28587,1411,1997,45,501],"class_list":{"0":"post-152022","1":"post","2":"type-post","3":"status-publish","4":"format-standard","5":"has-post-thumbnail","7":"category-hannover","8":"tag-alternative-fuer-deutschland","9":"tag-budapest","10":"tag-de","11":"tag-deutschland","12":"tag-faschismus","13":"tag-gedenkstaette","14":"tag-germany","15":"tag-hannover","16":"tag-holocaust","17":"tag-neofaschismus","18":"tag-niedersachsen","19":"tag-staatsanwaltschaft","20":"tag-texttospeech","21":"tag-ungarn"},"share_on_mastodon":{"url":"https:\/\/pubeurope.com\/@de\/114597892192920126","error":""},"_links":{"self":[{"href":"https:\/\/www.europesays.com\/de\/wp-json\/wp\/v2\/posts\/152022","targetHints":{"allow":["GET"]}}],"collection":[{"href":"https:\/\/www.europesays.com\/de\/wp-json\/wp\/v2\/posts"}],"about":[{"href":"https:\/\/www.europesays.com\/de\/wp-json\/wp\/v2\/types\/post"}],"author":[{"embeddable":true,"href":"https:\/\/www.europesays.com\/de\/wp-json\/wp\/v2\/users\/2"}],"replies":[{"embeddable":true,"href":"https:\/\/www.europesays.com\/de\/wp-json\/wp\/v2\/comments?post=152022"}],"version-history":[{"count":0,"href":"https:\/\/www.europesays.com\/de\/wp-json\/wp\/v2\/posts\/152022\/revisions"}],"wp:featuredmedia":[{"embeddable":true,"href":"https:\/\/www.europesays.com\/de\/wp-json\/wp\/v2\/media\/152023"}],"wp:attachment":[{"href":"https:\/\/www.europesays.com\/de\/wp-json\/wp\/v2\/media?parent=152022"}],"wp:term":[{"taxonomy":"category","embeddable":true,"href":"https:\/\/www.europesays.com\/de\/wp-json\/wp\/v2\/categories?post=152022"},{"taxonomy":"post_tag","embeddable":true,"href":"https:\/\/www.europesays.com\/de\/wp-json\/wp\/v2\/tags?post=152022"}],"curies":[{"name":"wp","href":"https:\/\/api.w.org\/{rel}","templated":true}]}}