{"id":152062,"date":"2025-05-30T17:31:14","date_gmt":"2025-05-30T17:31:14","guid":{"rendered":"https:\/\/www.europesays.com\/de\/152062\/"},"modified":"2025-05-30T17:31:14","modified_gmt":"2025-05-30T17:31:14","slug":"oberleitungsschaden-legt-bahnverkehr-nach-flensburg-und-kiel-lahm","status":"publish","type":"post","link":"https:\/\/www.europesays.com\/de\/152062\/","title":{"rendered":"Oberleitungsschaden legt Bahnverkehr nach Flensburg und Kiel lahm"},"content":{"rendered":"<p>N\u00f6rdlich von Hamburg <\/p>\n<p>Oberleitungsschaden legt Bahnverkehr lahm<\/p>\n<p>30.05.2025 &#8211; 19:22 UhrLesedauer: 1 Min.<\/p>\n<p><a href=\"#focus-0\" class=\"transition-colors duration-200 focus-within:text-magenta block text-current relative\" data-sctrack=\"FocusGalleryImage.Reference\"><img fetchpriority=\"high\" data-testid=\"Opener.Image\" style=\"--lqipURL:url('https:\/\/images.t-online.de\/2023\/01\/OzJ1AvB9XU1z\/0x105:2048x1152\/fit-in\/150x0\/filters:blur(25)\/ein-regionalzug-der-deutschen-bahn-faehrt-durch-einen-bahnhof.jpg')\"   loading=\"eager\" src=\"https:\/\/www.europesays.com\/de\/wp-content\/uploads\/2025\/05\/ein-regionalzug-der-deutschen-bahn-faehrt-durch-einen-bahnhof.jpg\" alt=\"Regionalbahn\" title=\"Regionalbahn\" width=\"2048\" height=\"1152\" class=\"bg-[url:var(--lqipURL)] bg-cover bg-center flex w-full max-w-full h-full\" decoding=\"async\"\/><img style=\"--width:32;--height:32\" loading=\"lazy\" src=\"https:\/\/www.europesays.com\/de\/wp-content\/uploads\/2025\/04\/1743617728_477_zoom-in.f7dae02f.svg.svg+xml\" alt=\"Vergr\u00f6\u00dfern des Bildes\" title=\"Vergr\u00f6\u00dfern des Bildes\" class=\"&#10;        block&#10;        h-[calc(var(--height)_\/_16_*_1rem)]&#10;        w-[calc(var(--width)_\/_16_*_1rem)]&#10;        max-w-none&#10;        absolute bottom-8 right-8 rounded-4 bg-snow p-8\" decoding=\"async\"\/><\/a><\/p>\n<p>Ein Regionalzug der Deutschen Bahn f\u00e4hrt durch einen Bahnhof (Symbolbild): Zwischen Hamburg und Kiel beziehungsweise Hamburg und Flensburg kommt es zu Einschr\u00e4nkungen. (Quelle: Jonas Walzberg\/dpa\/Symbolbild\/dpa)<\/p>\n<p class=\"font-bold text-18 leading-17\">Ein Oberleitungsschaden hat den Bahnverkehr n\u00f6rdlich von Hamburg lahmgelegt. Reisende nach Kiel oder Flensburg m\u00fcssen auf Busse umsteigen.<\/p>\n<p class=\"text-18 leading-17\">Ein Oberleitungsschaden in Neum\u00fcnster behindert den Bahnverkehr zwischen Hamburg und Kiel beziehungsweise Flensburg. Aus unbekannter Ursache sei die Leitung in der N\u00e4he des G\u00fcterbahnhofs von Neum\u00fcnster heruntergefallen, sagte ein Sprecher der Bundespolizei.<\/p>\n<p class=\"text-18 leading-17\">Sowohl der Fern- als auch der Regionalverkehr auf der Strecke seien betroffen. F\u00fcr die Reisenden wurde ein Busersatzverkehr eingerichtet. Der Schaden sollte bis zum Abend behoben werden, wie eine Sprecherin der Deutschen Bahn sagte.<\/p>\n","protected":false},"excerpt":{"rendered":"N\u00f6rdlich von Hamburg Oberleitungsschaden legt Bahnverkehr lahm 30.05.2025 &#8211; 19:22 UhrLesedauer: 1 Min. Ein Regionalzug der Deutschen Bahn&hellip;\n","protected":false},"author":2,"featured_media":152063,"comment_status":"","ping_status":"","sticky":false,"template":"","format":"standard","meta":{"footnotes":""},"categories":[1826],"tags":[2227,2030,29,2085,30,692,27499,5736],"class_list":{"0":"post-152062","1":"post","2":"type-post","3":"status-publish","4":"format-standard","5":"has-post-thumbnail","7":"category-hamburg","8":"tag-bahnverkehr","9":"tag-deutsche-bahn","10":"tag-deutschland","11":"tag-flensburg","12":"tag-germany","13":"tag-hamburg","14":"tag-neumuenster","15":"tag-oberleitungsschaden"},"share_on_mastodon":{"url":"https:\/\/pubeurope.com\/@de\/114597979083747089","error":""},"_links":{"self":[{"href":"https:\/\/www.europesays.com\/de\/wp-json\/wp\/v2\/posts\/152062","targetHints":{"allow":["GET"]}}],"collection":[{"href":"https:\/\/www.europesays.com\/de\/wp-json\/wp\/v2\/posts"}],"about":[{"href":"https:\/\/www.europesays.com\/de\/wp-json\/wp\/v2\/types\/post"}],"author":[{"embeddable":true,"href":"https:\/\/www.europesays.com\/de\/wp-json\/wp\/v2\/users\/2"}],"replies":[{"embeddable":true,"href":"https:\/\/www.europesays.com\/de\/wp-json\/wp\/v2\/comments?post=152062"}],"version-history":[{"count":0,"href":"https:\/\/www.europesays.com\/de\/wp-json\/wp\/v2\/posts\/152062\/revisions"}],"wp:featuredmedia":[{"embeddable":true,"href":"https:\/\/www.europesays.com\/de\/wp-json\/wp\/v2\/media\/152063"}],"wp:attachment":[{"href":"https:\/\/www.europesays.com\/de\/wp-json\/wp\/v2\/media?parent=152062"}],"wp:term":[{"taxonomy":"category","embeddable":true,"href":"https:\/\/www.europesays.com\/de\/wp-json\/wp\/v2\/categories?post=152062"},{"taxonomy":"post_tag","embeddable":true,"href":"https:\/\/www.europesays.com\/de\/wp-json\/wp\/v2\/tags?post=152062"}],"curies":[{"name":"wp","href":"https:\/\/api.w.org\/{rel}","templated":true}]}}