{"id":152064,"date":"2025-05-30T17:32:12","date_gmt":"2025-05-30T17:32:12","guid":{"rendered":"https:\/\/www.europesays.com\/de\/152064\/"},"modified":"2025-05-30T17:32:12","modified_gmt":"2025-05-30T17:32:12","slug":"brandenburg-berlin-adfc-sternfahrt-am-sonntag-in-berlin-viele-sperrungen-fuer-autofahrer","status":"publish","type":"post","link":"https:\/\/www.europesays.com\/de\/152064\/","title":{"rendered":"Brandenburg Berlin: ADFC-Sternfahrt am Sonntag in Berlin: Viele Sperrungen f\u00fcr Autofahrer"},"content":{"rendered":"<p class=\"metatextline\">Stand: 30.05.2025 16:26 Uhr<\/p>\n<p class=\"textabsatz columns twelve  m-ten  m-offset-one l-eight l-offset-two\">\n        <strong>Autobahnen, Einfahrtsstra\u00dfen, Ampelkreuzungen &#8211; die Polizei sichert am Sonntag an mehreren Abschnitten die allj\u00e4hrliche Sternfahrt des Fahradclubs ADFC. Die Aktion ist eine Demonstration f\u00fcr das Verkehrsmittel und gegen die Autodominanz.<\/strong>\n    <\/p>\n<ul class=\"bulletpoint-list \">\n<li>Breites B\u00fcndnis protestiert am Sonntag in und rund um Berlin f\u00fcr mehr Verkehrssicherheit f\u00fcr Radfahrer und gegen A100-Ausbau<\/li>\n<li>Mehrere Zehntausend Teilnehmer erwartet<\/li>\n<li>Autofahrer m\u00fcssen sich auf Sperrungen im gesamten Berliner Stadtgebiet und im Umland einstellen<\/li>\n<li>Auch A100 und A115 betroffen<\/li>\n<\/ul>\n<p class=\"textabsatz m-ten m-offset-one l-eight l-offset-two columns twelve\">\nEs ist eine Art \u00dcbernahme der Transportwege: Auf 20 Strecken mit 2.000 Kilometern L\u00e4nge fahren am Sonntag Zehntausende Fahrradfahrer aus dem Berliner Umland und vom Stadtrand in die Innenstadt. &#8222;Alle aufs Rad!&#8220;, lautet in diesem Jahr das Motto der Sternfahrt des Allgemeinen Deutschen Fahrradclubs (ADFC).<br \/>\u00a0<br \/>Zahlreiche Stra\u00dfen auf und an diesen Strecken sind wegen der als Demonstration angemeldeten Fahrt zum Gro\u00dfen Stern f\u00fcr die Radfahrer reserviert und f\u00fcr Autofahrer gesperrt. Die Teilnehmerinnen und Teilnehmer k\u00f6nnen \u00fcberall auch zwischendurch auf die Strecken fahren und sich einreihen.<br \/>\u00a0<br \/>Die Polizei Berlin hat nach eigenen Angaben mehrere Hundert Beamte im Einsatz, die die einzelnen Zufahrtstrecken absichern.<\/p>\n<p>            <img loading=\"lazy\" decoding=\"async\" class=\"ts-image\" src=\"https:\/\/www.europesays.com\/de\/wp-content\/uploads\/2025\/05\/rbb-audio-rbb-88-8-17-05-2025-ricardo-westphal-100.jpg\" alt=\"Archivbild: Demonstration gegen den Ausbau der A100 in Berlin am 04.05.2024. (Quelle: picture alliance\/Eibner-Pressefoto\/Jadranko Marja)\" title=\"Audio: rbb 88.8 | 17.05.2025 | Ricardo Westphal | picture alliance\/Eibner-Pressefoto\/Jadranko Marja\"\/><\/p>\n<p>Aktionsb\u00fcndnis protestiert gegen Ausbau der A100<\/p>\n<p>            <a href=\"https:\/\/www.rbb24.de\/panorama\/beitrag\/2025\/05\/berlin-protest-demonstration-ausbau-a100-rave-treptow-koepenick.html\" title=\"mehr\" class=\"textlink--extern\" target=\"_blank\" rel=\"noopener nofollow\">mehr<\/a><\/p>\n<p>    Autobahnabschnitte gesperrt<\/p>\n<p class=\"textabsatz m-ten m-offset-one l-eight l-offset-two columns twelve\">\nGesperrt werden unter anderem zwei l\u00e4ngere Autobahnst\u00fccke auf der A115 (Avus) und der A100. Auf der A100 richtet sich der Protest auch gegen den <a href=\"https:\/\/www.rbb24.de\/panorama\/beitrag\/2024\/09\/berlin-a100-kosten-verlaengerung-ausbau-milliarden-stadtautobahn.html\" title=\"geplanten Ausbau der Berliner Stadtautobahn\" class=\"textlink--extern\" target=\"_blank\" rel=\"noopener nofollow\">geplanten Ausbau der Berliner Stadtautobahn<\/a>.<br \/>\u00a0<br \/>Wie die Verkehrsinformationszentrale (VIZ) mitteilte, wird es auf der A100 zwischen Oberlandstra\u00dfe und Dreieck Funkturm (Ausfahrt Messedamm) und der A115 zwischen Kreuz Zehlendorf und AD Funkturm (Ausfahrt Messedamm) zwischen circa 12 Uhr und 14:30 Uhr zu Sperrungen kommen.<\/p>\n<p>    Startpunkte auch in Brandenburg und Polen<\/p>\n<p class=\"textabsatz m-ten m-offset-one l-eight l-offset-two columns twelve\">\nEinige Routen starten bereits in Brandenburg, die l\u00e4ngste davon als Expressroute in Frankfurt (Oder). Nachttouren beginnen im polnischen Stettin (Szczecin), Leipzig und Dessau. Und eine Mehrtagestour startet bei Osnabr\u00fcck und Hannover. Au\u00dferdem gibt es eine Strecke f\u00fcr Kinder. <a href=\"https:\/\/www.rbb24.de\/panorama\/beitrag\/2024\/05\/berlin-adfc-fahrrad-sternfahrt-2024.html\" title=\"Im vergangenen Jahr waren mehr als 30.000 Radler unterwegs.\" class=\"textlink--extern\" target=\"_blank\" rel=\"noopener nofollow\">Im vergangenen Jahr waren mehr als 30.000 Radler unterwegs.<\/a><br \/>\u00a0<br \/>Der ADFC fordert: &#8222;Radfahren muss jeden Tag so sicher und komfortabel sein wie auf einer Fahrradsternfahrt. Die Pl\u00e4ne liegen in der Schublade, jetzt braucht es den Willen des Berliner Senats.&#8220; Der wachsende Radverkehr m\u00fcsse sich in der Gestaltung der Stra\u00dfen widerspiegeln.<\/p>\n<p>            <img loading=\"lazy\" decoding=\"async\" class=\"ts-image\" src=\"https:\/\/www.europesays.com\/de\/wp-content\/uploads\/2025\/05\/rbb-404784199-100.jpg\" alt=\"Archivbild: Auf der Baustelle der A100 wird eine Fahrbahn mit einer Schicht Asphalt gewalzt. (Quelle: dpa\/J. Carstensen)\" title=\"Audio: rbb24 Inforadio | 18.09.2024 | Nachrichten | dpa\/J. Carstensen\"\/><\/p>\n<p>A100-Ausbau soll mit 1,8 Milliarden Euro nochmal deutlich teurer werden<\/p>\n<p>            Sie gilt bereits als das teuerste Autobahn-Projekt Deutschlands: die Verl\u00e4ngerung der A100 von Berlin-Neuk\u00f6lln nach Prenzlauer Berg. Und sie wird noch teurer: Eine neue Sch\u00e4tzung geht von umgerechnet rund 246.000 Euro pro Meter Stra\u00dfe aus.<a href=\"https:\/\/www.rbb24.de\/panorama\/beitrag\/2024\/09\/berlin-a100-kosten-verlaengerung-ausbau-milliarden-stadtautobahn.html\" title=\"mehr\" class=\"textlink--extern\" target=\"_blank\" rel=\"noopener nofollow\">mehr<\/a><\/p>\n<p>    VIZ r\u00e4t zu Verzicht aufs Auto<\/p>\n<p class=\"textabsatz m-ten m-offset-one l-eight l-offset-two columns twelve\">\nWegen der vielen Stra\u00dfensperren m\u00fcssen Autofahrer am Sonntagvormittag und -mittag Umleitungen in Kauf nehmen. Ab dem Nachmittag d\u00fcrften die Strecken wieder frei sein. Die Verkehrsinformationszentrale r\u00e4t \u00fcblicherweise, statt des Autos lieber S- und U-Bahnen zu nutzen &#8211; oder das Fahrrad.<br \/>\u00a0<br \/>Mit besonders starken und l\u00e4ngeren Einschr\u00e4nkungen f\u00fcr Autofahrer rechnet die VIZ ab circa 13:30 Uhr an folgenden Orten:<br \/>\u00a0<br \/>AVUS (A115), Funkturm\/ICC, Messedamm, Kaiserdamm, Bismarckstra\u00dfe, Ernst-Reuter-Platz, Stra\u00dfe des 17. Juni, Gro\u00dfer Stern, Hofj\u00e4gerallee, Klingelh\u00f6ferstra\u00dfe, L\u00fctzowufer, Sch\u00f6neberger Ufer und Tempelhofer Ufer.<\/p>\n<p class=\"textabsatz m-ten m-offset-one l-eight l-offset-two columns twelve\">\nSendung: rbb24 Inforadio, 29.05.2025, 12 Uhr<\/p>\n<p>                                        <a class=\"backlink__link\" href=\"https:\/\/www.rbb24.de\/panorama\/beitrag\/2025\/06\/20-strecken-2000-kilometer-zehntausende-fahrradfahrer-radtag-sternfahrt-brandenburg-berlin.html\" rel=\"nofollow noopener\" target=\"_blank\"><\/p>\n<p>                                                <img decoding=\"async\" src=\"https:\/\/www.europesays.com\/de\/wp-content\/uploads\/2025\/04\/1745108282_195_lra-rbb-logo-100.svg.svg+xml\" alt=\"Rundfunk Berlin-Brandenburg\"\/><\/p>\n<p>                                        <\/a><\/p>\n","protected":false},"excerpt":{"rendered":"Stand: 30.05.2025 16:26 Uhr Autobahnen, Einfahrtsstra\u00dfen, Ampelkreuzungen &#8211; die Polizei sichert am Sonntag an mehreren Abschnitten die allj\u00e4hrliche&hellip;\n","protected":false},"author":2,"featured_media":152065,"comment_status":"","ping_status":"","sticky":false,"template":"","format":"standard","meta":{"footnotes":""},"categories":[1816],"tags":[1960,1958,1959,1957,296,1956,1890,29,30,2239],"class_list":{"0":"post-152064","1":"post","2":"type-post","3":"status-publish","4":"format-standard","5":"has-post-thumbnail","7":"category-brandenburg","8":"tag-aktuelle-nachrichten-aus-berlin-und-brandenburg","9":"tag-aktuelle-nachrichten-aus-brandenburg","10":"tag-aktuelle-news-aus-berlin-und-brandenburg","11":"tag-aktuelle-news-aus-brandenburg","12":"tag-berlin","13":"tag-berlin-und-brandenburg","14":"tag-brandenburg","15":"tag-deutschland","16":"tag-germany","17":"tag-rbb"},"share_on_mastodon":{"url":"https:\/\/pubeurope.com\/@de\/114597982789658726","error":""},"_links":{"self":[{"href":"https:\/\/www.europesays.com\/de\/wp-json\/wp\/v2\/posts\/152064","targetHints":{"allow":["GET"]}}],"collection":[{"href":"https:\/\/www.europesays.com\/de\/wp-json\/wp\/v2\/posts"}],"about":[{"href":"https:\/\/www.europesays.com\/de\/wp-json\/wp\/v2\/types\/post"}],"author":[{"embeddable":true,"href":"https:\/\/www.europesays.com\/de\/wp-json\/wp\/v2\/users\/2"}],"replies":[{"embeddable":true,"href":"https:\/\/www.europesays.com\/de\/wp-json\/wp\/v2\/comments?post=152064"}],"version-history":[{"count":0,"href":"https:\/\/www.europesays.com\/de\/wp-json\/wp\/v2\/posts\/152064\/revisions"}],"wp:featuredmedia":[{"embeddable":true,"href":"https:\/\/www.europesays.com\/de\/wp-json\/wp\/v2\/media\/152065"}],"wp:attachment":[{"href":"https:\/\/www.europesays.com\/de\/wp-json\/wp\/v2\/media?parent=152064"}],"wp:term":[{"taxonomy":"category","embeddable":true,"href":"https:\/\/www.europesays.com\/de\/wp-json\/wp\/v2\/categories?post=152064"},{"taxonomy":"post_tag","embeddable":true,"href":"https:\/\/www.europesays.com\/de\/wp-json\/wp\/v2\/tags?post=152064"}],"curies":[{"name":"wp","href":"https:\/\/api.w.org\/{rel}","templated":true}]}}