{"id":152066,"date":"2025-05-30T17:33:17","date_gmt":"2025-05-30T17:33:17","guid":{"rendered":"https:\/\/www.europesays.com\/de\/152066\/"},"modified":"2025-05-30T17:33:17","modified_gmt":"2025-05-30T17:33:17","slug":"adfc-sternfahrt-am-sonntag-in-berlin-viele-sperrungen-fuer-autofahrer","status":"publish","type":"post","link":"https:\/\/www.europesays.com\/de\/152066\/","title":{"rendered":"ADFC-Sternfahrt am Sonntag in Berlin: Viele Sperrungen f\u00fcr Autofahrer"},"content":{"rendered":"<p>\tZiel Gro\u00dfer Stern<br \/>\n\t &#8211; <\/p>\n<p>\t\tADFC-Sternfahrt am Sonntag in Berlin: Viele Sperrungen f\u00fcr Autofahrer<\/p>\n<p><img decoding=\"async\" src=\"https:\/\/www.europesays.com\/de\/wp-content\/uploads\/2025\/05\/1748626397_925_size=708x398.jpg\" alt=\"Archivbild: Fahrradfahrer bei der 48. ADFC Sternfahrt unter dem Motto &quot;Alle aufs Rad!&quot; in Berlin, 02.06.2024 (Quelle: dpa\/Ben Kriemann)\" title=\"Archivbild: Fahrradfahrer bei der 48. ADFC Sternfahrt unter dem Motto &quot;Alle aufs Rad!&quot; in Berlin, 02.06.2024 (Quelle: dpa\/Ben Kriemann)\" id=\"1665192755\"\/><\/p>\n<p>dpa\/Ben Kriemann<\/p>\n<p>Video: rbb24 | 30.05.2025 | Yvonne Krause | Bild: dpa\/Ben Kriemann <\/p>\n<p>Autobahnen, Einfahrtsstra\u00dfen, Ampelkreuzungen &#8211; die Polizei sichert am Sonntag an mehreren Abschnitten die allj\u00e4hrliche Sternfahrt des Fahradclubs ADFC. Die Aktion ist eine Demonstration f\u00fcr das Verkehrsmittel und gegen die Autodominanz.<\/p>\n<p>\t\t\t\t\t<a name=\"articlesContList\/text_975557213\"\/><\/p>\n<ul>\n<li>Breites B\u00fcndnis protestiert am Sonntag in und rund um Berlin f\u00fcr mehr Verkehrssicherheit f\u00fcr Radfahrer und gegen A100-Ausbau<\/li>\n<li>Mehrere Zehntausend Teilnehmer erwartet<\/li>\n<li>Autofahrer m\u00fcssen sich auf Sperrungen im gesamten Berliner Stadtgebiet und im Umland einstellen<\/li>\n<li>Auch A100 und A115 betroffen<\/li>\n<\/ul>\n<p>\t\t\t\t\t<a name=\"articlesContList\/text_1660695511\"\/><\/p>\n<p>Es ist eine Art \u00dcbernahme der Transportwege: Auf 20 Strecken mit 2.000 Kilometern L\u00e4nge fahren am Sonntag Zehntausende Fahrradfahrer aus dem Berliner Umland und vom Stadtrand in die Innenstadt. &#8222;Alle aufs Rad!&#8220;, lautet in diesem Jahr das Motto der Sternfahrt des Allgemeinen Deutschen Fahrradclubs (ADFC).<\/p>\n<p>Zahlreiche Stra\u00dfen auf und an diesen Strecken sind wegen der als Demonstration angemeldeten Fahrt zum Gro\u00dfen Stern f\u00fcr die Radfahrer reserviert und f\u00fcr Autofahrer gesperrt. Die Teilnehmerinnen und Teilnehmer k\u00f6nnen \u00fcberall auch zwischendurch auf die Strecken fahren und sich einreihen.<\/p>\n<p>Die Polizei Berlin hat nach eigenen Angaben mehrere Hundert Beamte im Einsatz, die die einzelnen Zufahrtstrecken absichern.<\/p>\n<p>\t\t\t\t\t<a name=\"articlesContList\/teaserbox\"\/><\/p>\n<p>\t\t\t\t\t<a name=\"articlesContList\/text_1231232900\"\/><br \/>\n\t\t\t\t\tAutobahnabschnitte gesperrt<\/p>\n<p>Gesperrt werden unter anderem zwei l\u00e4ngere Autobahnst\u00fccke auf der A115 (Avus) und der A100. Auf der A100 richtet sich der Protest auch gegen den <a href=\"https:\/\/www.rbb24.de\/panorama\/beitrag\/2024\/09\/berlin-a100-kosten-verlaengerung-ausbau-milliarden-stadtautobahn.html\" rel=\"nofollow noopener\" target=\"_blank\">geplanten Ausbau der Berliner Stadtautobahn<\/a>.<\/p>\n<p>Wie die Verkehrsinformationszentrale (VIZ) mitteilte, wird es auf der A100 zwischen Oberlandstra\u00dfe und Dreieck Funkturm (Ausfahrt Messedamm) und der A115 zwischen Kreuz Zehlendorf und AD Funkturm (Ausfahrt Messedamm) zwischen circa 12 Uhr und 14:30 Uhr zu Sperrungen kommen.<\/p>\n<p>\t\t\t\t\t<a name=\"articlesContList\/text_485756590\"\/><br \/>\n\t\t\t\t\tStartpunkte auch in Brandenburg und Polen<\/p>\n<p>Einige Routen starten bereits in Brandenburg, die l\u00e4ngste davon als Expressroute in Frankfurt (Oder). Nachttouren beginnen im polnischen Stettin (Szczecin), Leipzig und Dessau. Und eine Mehrtagestour startet bei Osnabr\u00fcck und Hannover. Au\u00dferdem gibt es eine Strecke f\u00fcr Kinder. <a href=\"https:\/\/www.rbb24.de\/panorama\/beitrag\/2024\/05\/berlin-adfc-fahrrad-sternfahrt-2024.html\" rel=\"nofollow noopener\" target=\"_blank\">Im vergangenen Jahr waren mehr als 30.000 Radler unterwegs.<\/a><\/p>\n<p>Der ADFC fordert: &#8222;Radfahren muss jeden Tag so sicher und komfortabel sein wie auf einer Fahrradsternfahrt. Die Pl\u00e4ne liegen in der Schublade, jetzt braucht es den Willen des Berliner Senats.&#8220; Der wachsende Radverkehr m\u00fcsse sich in der Gestaltung der Stra\u00dfen widerspiegeln.<\/p>\n<p>\t\t\t\t\t<a name=\"articlesContList\/teaserbox_1313565877\"\/><\/p>\n<p>\t\t\t\t\t<a name=\"articlesContList\/text_556676417\"\/><br \/>\n\t\t\t\t\tVIZ r\u00e4t zu Verzicht aufs Auto<\/p>\n<p>Wegen der vielen Stra\u00dfensperren m\u00fcssen Autofahrer am Sonntagvormittag und -mittag Umleitungen in Kauf nehmen. Ab dem Nachmittag d\u00fcrften die Strecken wieder frei sein. Die Verkehrsinformationszentrale r\u00e4t \u00fcblicherweise, statt des Autos lieber S- und U-Bahnen zu nutzen &#8211; oder das Fahrrad.<\/p>\n<p>Mit besonders starken und l\u00e4ngeren Einschr\u00e4nkungen f\u00fcr Autofahrer rechnet die VIZ ab circa 13:30 Uhr an folgenden Orten:<\/p>\n<p>AVUS (A115), Funkturm\/ICC, Messedamm, Kaiserdamm, Bismarckstra\u00dfe, Ernst-Reuter-Platz, Stra\u00dfe des 17. Juni, Gro\u00dfer Stern, Hofj\u00e4gerallee, Klingelh\u00f6ferstra\u00dfe, L\u00fctzowufer, Sch\u00f6neberger Ufer und Tempelhofer Ufer.<\/p>\n<p>\t\t\t\t\t<a name=\"articlesContList\/text_1\"\/><\/p>\n<p>Sendung: rbb24, 29.05.2025, 16:00 Uhr<\/p>\n<p>\t\t\t\t\t<a name=\"articlesContList\/text_415534010\"\/><\/p>\n<p>\t\t\t\t\t<a name=\"articlesContList\/text_1126860294\"\/><\/p>\n<p>\t\t\t\t\t<a name=\"articlesContList\/text\"\/><\/p>\n<p><a class=\"ico ico_arrow_wide_up\" title=\"An den Anfang\" href=\"#top\">  <\/a><\/p>\n","protected":false},"excerpt":{"rendered":"Ziel Gro\u00dfer Stern &#8211; ADFC-Sternfahrt am Sonntag in Berlin: Viele Sperrungen f\u00fcr Autofahrer dpa\/Ben Kriemann Video: rbb24 |&hellip;\n","protected":false},"author":2,"featured_media":152067,"comment_status":"","ping_status":"","sticky":false,"template":"","format":"standard","meta":{"footnotes":""},"categories":[1825],"tags":[1941,1939,296,1937,29,30,1940,1938],"class_list":{"0":"post-152066","1":"post","2":"type-post","3":"status-publish","4":"format-standard","5":"has-post-thumbnail","7":"category-berlin","8":"tag-aktuelle-nachrichten-aus-berlin","9":"tag-aktuelle-news-aus-berlin","10":"tag-berlin","11":"tag-berlin-news","12":"tag-deutschland","13":"tag-germany","14":"tag-nachrichten-aus-berlin","15":"tag-news-aus-berlin"},"share_on_mastodon":{"url":"https:\/\/pubeurope.com\/@de\/114597987336506284","error":""},"_links":{"self":[{"href":"https:\/\/www.europesays.com\/de\/wp-json\/wp\/v2\/posts\/152066","targetHints":{"allow":["GET"]}}],"collection":[{"href":"https:\/\/www.europesays.com\/de\/wp-json\/wp\/v2\/posts"}],"about":[{"href":"https:\/\/www.europesays.com\/de\/wp-json\/wp\/v2\/types\/post"}],"author":[{"embeddable":true,"href":"https:\/\/www.europesays.com\/de\/wp-json\/wp\/v2\/users\/2"}],"replies":[{"embeddable":true,"href":"https:\/\/www.europesays.com\/de\/wp-json\/wp\/v2\/comments?post=152066"}],"version-history":[{"count":0,"href":"https:\/\/www.europesays.com\/de\/wp-json\/wp\/v2\/posts\/152066\/revisions"}],"wp:featuredmedia":[{"embeddable":true,"href":"https:\/\/www.europesays.com\/de\/wp-json\/wp\/v2\/media\/152067"}],"wp:attachment":[{"href":"https:\/\/www.europesays.com\/de\/wp-json\/wp\/v2\/media?parent=152066"}],"wp:term":[{"taxonomy":"category","embeddable":true,"href":"https:\/\/www.europesays.com\/de\/wp-json\/wp\/v2\/categories?post=152066"},{"taxonomy":"post_tag","embeddable":true,"href":"https:\/\/www.europesays.com\/de\/wp-json\/wp\/v2\/tags?post=152066"}],"curies":[{"name":"wp","href":"https:\/\/api.w.org\/{rel}","templated":true}]}}