{"id":152093,"date":"2025-05-30T17:47:08","date_gmt":"2025-05-30T17:47:08","guid":{"rendered":"https:\/\/www.europesays.com\/de\/152093\/"},"modified":"2025-05-30T17:47:08","modified_gmt":"2025-05-30T17:47:08","slug":"nach-kritik-an-siri-debakel-apple-lehnt-traditionelles-wwdc-interview-ab","status":"publish","type":"post","link":"https:\/\/www.europesays.com\/de\/152093\/","title":{"rendered":"Nach Kritik an Siri-Debakel: Apple lehnt traditionelles WWDC-Interview ab"},"content":{"rendered":"<p>John Grubers &#8222;The Talk Show&#8220; findet zu Apples Entwicklerkonferenz WWDC in diesem Jahr wohl ohne Spitzenmanager des Konzerns statt. Er habe Apple wie \u00fcblich eingeladen, aber &#8222;sie haben zum ersten Mal seit 2015 abgelehnt&#8220;, <a href=\"https:\/\/daringfireball.net\/linked\/2025\/05\/29\/the-talk-show-live-tickets-2025\" rel=\"external noopener\" target=\"_blank\">teilte der Kommentator und Host John Gruber mit<\/a>, ohne weitere Details zu nennen. In den vergangenen Jahren war regelm\u00e4\u00dfig Apples Softwarechef Craig Federighi bei Gruber zu Gast, im Jahr 2024 \u2013 nach der Ank\u00fcndigung von Apple Intelligence \u2013 obendrein der KI-Chef John Giannandrea.<\/p>\n<p>Scharfe Kritik an Siri-Vaporware<\/p>\n<p>Gruber hatte Apple j\u00fcngst scharf f\u00fcr im vergangenen Jahr angek\u00fcndigte Verbesserungen beim Sprachassistenzsystem Siri kritisiert, die der Konzern bislang nicht umsetzen konnte. Bei der letzten Talk Show fand das Thema Siri nur als Randerw\u00e4hnung statt, um die damals versprochenen, grundlegenden Neuerungen ging es allerdings nicht. Apple zeigte ein Siri-System, das Kontextinformationen des Nutzers auf dem Ger\u00e4t erfasst und zudem in der Lage sein soll, Aktionen \u00fcber mehrere Apps hinweg auszuf\u00fchren. Eine der angek\u00fcndigten Funktionen bewarb <a href=\"https:\/\/www.heise.de\/news\/Apple-Intelligence-Apple-muss-schlauere-Siri-verschieben-loescht-Werbevideo-10309845.html\" target=\"_blank\" rel=\"noopener\">Apple zum Verkaufsstart des iPhone 16 im vergangenen September in einem Werbespot<\/a>.<\/p>\n<p>Im M\u00e4rz r\u00e4umte Apple lapidar ein, der Hersteller ben\u00f6tige mehr Zeit, um die Siri-Funktionen umzusetzen, sie sollen erst &#8222;im kommenden Jahr&#8220; erscheinen. Gruber forderte Apple dazu auf, die angek\u00fcndigten Siri-F\u00e4higkeiten konkret und live zu demonstrieren. Der Konzern habe auf der letzten WWDC &#8222;zu viel versprochen (wenn nicht glatt gelogen)&#8220;, so Gruber.<\/p>\n<p>Problemkind Siri<\/p>\n<p>Siri gilt schon lange als Problemfall, das System arbeitet inkonsistent und liefert \u2013 im Unterschied zu den immer versierter wirkenden Gespr\u00e4chsf\u00e4higkeiten der KI-Konkurrenten \u2013 nur auf wenige Fragen Antworten. Mit Apple Intelligence l\u00e4sst sich \u00fcber Siri inzwischen zwar ChatGPT anfragen, allerdings kann das externe KI-Modell keinerlei Ger\u00e4tefunktionen steuern und liefert nur Textantworten.<\/p>\n<p><a href=\"https:\/\/www.heise.de\/news\/Dauerbaustelle-Siri-Vision-Pro-Chef-soll-es-jetzt-richten-10323435.html\" target=\"_blank\" rel=\"noopener\">Mit einer gro\u00dfen Management-Rochade versucht Apple offenbar, das Debakel in den Griff zu bekommen<\/a>. Jetzt muss sich zeigen, ob der Konzern nicht nur die angek\u00fcndigten Siri-Funktionen umsetzen kann, sondern auch in der Lage ist, das Sprachassistenzsystem grundlegend zu verbessern.<\/p>\n<p>(<a class=\"redakteurskuerzel__link\" href=\"https:\/\/www.heise.de\/news\/mailto:lbe@heise.de\" title=\"Leo Becker\" target=\"_blank\" rel=\"noopener\">lbe<\/a>)<\/p>\n<p>\n      Dieser Link ist leider nicht mehr g\u00fcltig.\n    <\/p>\n<p>Links zu verschenkten Artikeln werden ung\u00fcltig,<br \/>\n      wenn diese \u00e4lter als 7\u00a0Tage sind oder zu oft aufgerufen wurden.\n    <\/p>\n<p><strong>Sie ben\u00f6tigen ein heise+ Paket, um diesen Artikel zu lesen. Jetzt eine Woche unverbindlich testen \u2013 ohne Verpflichtung!<\/strong><\/p>\n","protected":false},"excerpt":{"rendered":"John Grubers &#8222;The Talk Show&#8220; findet zu Apples Entwicklerkonferenz WWDC in diesem Jahr wohl ohne Spitzenmanager des Konzerns&hellip;\n","protected":false},"author":2,"featured_media":152094,"comment_status":"","ping_status":"","sticky":false,"template":"","format":"standard","meta":{"footnotes":""},"categories":[135],"tags":[231,239,29,214,12939,30,1274,53523,5553,196,1273,190,189,27379,194,191,193,192,38688],"class_list":{"0":"post-152093","1":"post","2":"type-post","3":"status-publish","4":"format-standard","5":"has-post-thumbnail","7":"category-wissenschaft-technik","8":"tag-apple","9":"tag-apple-intelligence","10":"tag-deutschland","11":"tag-entertainment","12":"tag-generative-ai","13":"tag-germany","14":"tag-ios","15":"tag-ios-26","16":"tag-iphone","17":"tag-it","18":"tag-mobiles","19":"tag-science","20":"tag-science-technology","21":"tag-siri","22":"tag-technik","23":"tag-technology","24":"tag-wissenschaft","25":"tag-wissenschaft-technik","26":"tag-wwdc"},"share_on_mastodon":{"url":"https:\/\/pubeurope.com\/@de\/114598041707260974","error":""},"_links":{"self":[{"href":"https:\/\/www.europesays.com\/de\/wp-json\/wp\/v2\/posts\/152093","targetHints":{"allow":["GET"]}}],"collection":[{"href":"https:\/\/www.europesays.com\/de\/wp-json\/wp\/v2\/posts"}],"about":[{"href":"https:\/\/www.europesays.com\/de\/wp-json\/wp\/v2\/types\/post"}],"author":[{"embeddable":true,"href":"https:\/\/www.europesays.com\/de\/wp-json\/wp\/v2\/users\/2"}],"replies":[{"embeddable":true,"href":"https:\/\/www.europesays.com\/de\/wp-json\/wp\/v2\/comments?post=152093"}],"version-history":[{"count":0,"href":"https:\/\/www.europesays.com\/de\/wp-json\/wp\/v2\/posts\/152093\/revisions"}],"wp:featuredmedia":[{"embeddable":true,"href":"https:\/\/www.europesays.com\/de\/wp-json\/wp\/v2\/media\/152094"}],"wp:attachment":[{"href":"https:\/\/www.europesays.com\/de\/wp-json\/wp\/v2\/media?parent=152093"}],"wp:term":[{"taxonomy":"category","embeddable":true,"href":"https:\/\/www.europesays.com\/de\/wp-json\/wp\/v2\/categories?post=152093"},{"taxonomy":"post_tag","embeddable":true,"href":"https:\/\/www.europesays.com\/de\/wp-json\/wp\/v2\/tags?post=152093"}],"curies":[{"name":"wp","href":"https:\/\/api.w.org\/{rel}","templated":true}]}}