{"id":152101,"date":"2025-05-30T17:51:17","date_gmt":"2025-05-30T17:51:17","guid":{"rendered":"https:\/\/www.europesays.com\/de\/152101\/"},"modified":"2025-05-30T17:51:17","modified_gmt":"2025-05-30T17:51:17","slug":"naechstes-deutsches-turn-gold-karina-schoenmaier-triumphiert-im-einzelfinale-am-sprung","status":"publish","type":"post","link":"https:\/\/www.europesays.com\/de\/152101\/","title":{"rendered":"N\u00e4chstes deutsches Turn-Gold: Karina Sch\u00f6nmaier triumphiert im Einzelfinale am Sprung"},"content":{"rendered":"<p class=\"metatextline\">Stand: 30.05.2025 19:13 Uhr<\/p>\n<p class=\"textabsatz columns twelve  m-ten  m-offset-one l-eight l-offset-two\">\n        <strong><strong>Karina Sch\u00f6nmaier sorgt f\u00fcr den n\u00e4chsten gro\u00dfen deutschen Erfolg bei der Turn-EM 2025 in Leipzig. Die 19-J\u00e4hrige triumphiert im Einzelfinale am Sprung und k\u00fcrt sich zur neuen Europameisterin.<\/strong><\/strong>\n    <\/p>\n<p class=\"textabsatz m-ten m-offset-one l-eight l-offset-two columns twelve\">\nN\u00e4chster Gold-Coup f\u00fcr das deutsche Turnen bei der Heim-EM in Leipzig: Karina Sch\u00f6nmaier hat sich im Einzelfinale am Sprung zur neuen Europameisterin gek\u00fcrt. Sch\u00f6nmaier kam mit ihrer \u00dcbung am Freitag (30.05.) auf 13,983 Punkte. Damit setzte sich die 19-J\u00e4hrige vor Walentina Georgiewa (Bulgarien, 13,900 Punkte) und Lisa Vaelen (Belgien, 13,666) durch.<\/p>\n<p>    Karina Sch\u00f6nmaier: &#8222;Es ist ein sehr gro\u00dfes Geschenk f\u00fcr mich&#8220;<\/p>\n<p class=\"textabsatz m-ten m-offset-one l-eight l-offset-two columns twelve\">\n&#8222;Es war einfach alles wie im Traum. Ich h\u00e4tte nie gedacht, das jemals zu sp\u00fcren. Ich h\u00e4tte niemals damit gerechnet, dort zu stehen &#8211; und dass die Hymne f\u00fcr mich gespielt wird&#8220;, sagte Sch\u00f6nmaier: &#8222;Es ist ein sehr gro\u00dfes Geschenk f\u00fcr mich. Es ist der Wahnsinn, ich kann diese Gef\u00fchle nicht beschreiben. Es ist wie im Film. Ich habe gar keine Worte, weil es so ein geiles Gef\u00fchl ist.&#8220;<\/p>\n<p>    &#8222;Mir kamen einfach nur die Tr\u00e4nen<\/p>\n<p class=\"textabsatz m-ten m-offset-one l-eight l-offset-two columns twelve\">\nAls Zweite war Sch\u00f6nmaier ins Finale gestartet und musste nach ihrer \u00dcbung warten, bis ihre sechs weiteren Konkurrentinnen fertig waren. Es sei nervenaufreibend gewesen, warten zu m\u00fcssen, ob es reiche oder nicht. &#8222;Ich konnte einfach nur vor Freude weinen, mir kamen einfach nur die Tr\u00e4nen&#8220;, erz\u00e4hlte sie \u00fcber den Moment der Erl\u00f6sung. Es ist der erste EM-Titel im Sprung f\u00fcr eine deutsche Turnerin seit Oksana Chusovitina 2008.<\/p>\n<p>    Es l\u00e4uft rund f\u00fcr Karina Sch\u00f6nmaier<\/p>\n<p class=\"textabsatz m-ten m-offset-one l-eight l-offset-two columns twelve\">\nF\u00fcr Sch\u00f6nmaier, die in Chemnitz trainiert, ist es einen Tag nach <a href=\"https:\/\/www.swr.de\/sport\/mehr-sport\/turnen\/turn-em-leipzig-mehrkampf-frauen-kevric-100.html\" title=\"der mutma\u00dflich schweren Verletzung ihrer Teamkollegin Helen Kevric\" class=\"textlink--extern\" target=\"_blank\" rel=\"noopener\">der mutma\u00dflich schweren Verletzung ihrer Teamkollegin Helen Kevric<\/a> bereits die dritte Medaille bei den Kontinentalmeisterschaften. <a href=\"https:\/\/www.swr.de\/sport\/mehr-sport\/turnen\/turn-em-leipzig-team-finale-frauen-100.html\" title=\"Am Montag hatte die geb\u00fcrtige Bremerin mit der deutschen Mannschaft Silber gewonnen\" class=\"textlink--extern\" target=\"_blank\" rel=\"noopener\">Am Montag hatte die geb\u00fcrtige Bremerin mit der deutschen Mannschaft Silber gewonnen<\/a>, <a href=\"https:\/\/www.swr.de\/sport\/mehr-sport\/turnen\/deutsches-mixed-team-feiert-gold-bei-europameisterschaft-100.html\" title=\"am Mittwoch wurde sie gemeinsam mit Timo Eder Europameisterin im erstmals ausgetragenen Mixed-Teamfinale\" class=\"textlink--extern\" target=\"_blank\" rel=\"noopener\">am Mittwoch wurde sie gemeinsam mit Timo Eder Europameisterin im erstmals ausgetragenen Mixed-Teamfinale<\/a>.<\/p>\n<p class=\"textabsatz m-ten m-offset-one l-eight l-offset-two columns twelve\">\nDie Teilnahme am Einzelfinale im Sprung hatte sie sich als Beste der Qualifikation gesichert. Am Samstag tritt Sch\u00f6nmaier auch in der Medaillenentscheidung am Boden an.<\/p>\n<p>    Helen Kevric wohl schwerer verletzt<\/p>\n<p class=\"textabsatz m-ten m-offset-one l-eight l-offset-two columns twelve\">\nUrspr\u00fcnglich w\u00e4re sie auch in der Mehrkampfentscheidung am Donnerstag dabei gewesen, doch Frauen-Cheftrainer Gerben Wiersma hatte ihr nach dem Mixed-Teamfinale kurzfristig eine Wettkampfpause verordnet und stattdessen Janoah M\u00fcller ins Rennen geschickt. W\u00e4hrend M\u00fcller auf Rang 20 kam, verletzte sich Kevric gleich am ersten Ger\u00e4t am Sprung bei der Landung, der Wettkampf wie auch die restliche EM war f\u00fcr sie damit beendet. Wiersma sprach danach von einer &#8222;Kniescheibenbandverletzung&#8220;, Kevric wurde zun\u00e4chst ins Krankenhaus gebracht.<\/p>\n<p class=\"textabsatz m-ten m-offset-one l-eight l-offset-two columns twelve\">\nIn ihrer sportlichen Heimat Stuttgart soll die 17-J\u00e4hrige laut Wiersma eine genauere Diagnose erhalten. &#8222;Ich bin sehr traurig, dass es so endet&#8220;, hatte der Coach nach dem Wettkampf gesagt, &#8222;ich hoffe, dass es nicht wirklich schlimm ist und es keine sehr lange Erholungszeit ben\u00f6tigen wird.&#8220; Kevric h\u00e4tte sowohl im Mehrkampf als auch im Stufenbarrenfinale am Freitag zu den Medaillenanw\u00e4rterinnen geh\u00f6rt.<\/p>\n<p class=\"textabsatz m-ten m-offset-one l-eight l-offset-two columns twelve\">Sendung am Fr., 30.5.2025 18:40 Uhr, SWR1 Baden-W\u00fcrttemberg<\/p>\n<p>                                        <a class=\"backlink__link\" href=\"https:\/\/www.swr.de\/sport\/mehr-sport\/turnen\/turnen-em2025-leipzig-einzelwettbewerbe-entscheidungen-100.html\" target=\"_blank\" rel=\"noopener\"><\/p>\n<p>                                                <img decoding=\"async\" src=\"https:\/\/www.europesays.com\/de\/wp-content\/uploads\/2025\/04\/1743644350_922_lra-swr-logo-100.svg.svg+xml\" alt=\"S\u00fcdwestrundfunk\"\/><\/p>\n<p>                                        <\/a><\/p>\n","protected":false},"excerpt":{"rendered":"Stand: 30.05.2025 19:13 Uhr Karina Sch\u00f6nmaier sorgt f\u00fcr den n\u00e4chsten gro\u00dfen deutschen Erfolg bei der Turn-EM 2025 in&hellip;\n","protected":false},"author":2,"featured_media":152102,"comment_status":"","ping_status":"","sticky":false,"template":"","format":"standard","meta":{"footnotes":""},"categories":[5],"tags":[13,14,15,12,1755,10,8,9,11,27381],"class_list":{"0":"post-152101","1":"post","2":"type-post","3":"status-publish","4":"format-standard","5":"has-post-thumbnail","7":"category-nachrichten","8":"tag-headlines","9":"tag-nachrichten","10":"tag-news","11":"tag-schlagzeilen","12":"tag-swr","13":"tag-top-news","14":"tag-top-meldungen","15":"tag-topmeldungen","16":"tag-topnews","17":"tag-turnen"},"share_on_mastodon":{"url":"https:\/\/pubeurope.com\/@de\/114598057307729383","error":""},"_links":{"self":[{"href":"https:\/\/www.europesays.com\/de\/wp-json\/wp\/v2\/posts\/152101","targetHints":{"allow":["GET"]}}],"collection":[{"href":"https:\/\/www.europesays.com\/de\/wp-json\/wp\/v2\/posts"}],"about":[{"href":"https:\/\/www.europesays.com\/de\/wp-json\/wp\/v2\/types\/post"}],"author":[{"embeddable":true,"href":"https:\/\/www.europesays.com\/de\/wp-json\/wp\/v2\/users\/2"}],"replies":[{"embeddable":true,"href":"https:\/\/www.europesays.com\/de\/wp-json\/wp\/v2\/comments?post=152101"}],"version-history":[{"count":0,"href":"https:\/\/www.europesays.com\/de\/wp-json\/wp\/v2\/posts\/152101\/revisions"}],"wp:featuredmedia":[{"embeddable":true,"href":"https:\/\/www.europesays.com\/de\/wp-json\/wp\/v2\/media\/152102"}],"wp:attachment":[{"href":"https:\/\/www.europesays.com\/de\/wp-json\/wp\/v2\/media?parent=152101"}],"wp:term":[{"taxonomy":"category","embeddable":true,"href":"https:\/\/www.europesays.com\/de\/wp-json\/wp\/v2\/categories?post=152101"},{"taxonomy":"post_tag","embeddable":true,"href":"https:\/\/www.europesays.com\/de\/wp-json\/wp\/v2\/tags?post=152101"}],"curies":[{"name":"wp","href":"https:\/\/api.w.org\/{rel}","templated":true}]}}