{"id":152119,"date":"2025-05-30T18:01:09","date_gmt":"2025-05-30T18:01:09","guid":{"rendered":"https:\/\/www.europesays.com\/de\/152119\/"},"modified":"2025-05-30T18:01:09","modified_gmt":"2025-05-30T18:01:09","slug":"sonniger-auftakt-fuers-hemshoffest-ludwigshafen","status":"publish","type":"post","link":"https:\/\/www.europesays.com\/de\/152119\/","title":{"rendered":"Sonniger Auftakt f\u00fcrs Hemshoffest &#8211; Ludwigshafen"},"content":{"rendered":"<p><b\/>Mit dem Auftritt der Showband Remember hat  am Freitagabend bei strahlendem Sonnenschein und bester Stimmung das 44. Hemshoffest begonnen. Osman G\u00fcrsoy (SPD), Ortsvorsteher der N\u00f6rdlichen Innenstadt, <a class=\"rtr-entity\" data-rtr-entity=\"Andreas Bauer\" data-rtr-id=\"b273e7b6cfd1779e469ec25df4cd6b90654eb873\" data-rtr-score=\"10.699445983379501\" data-rtr-etype=\"person\" data-rtr-index=\"1\" href=\"https:\/\/www.rheinpfalz.de\/themen\/andreas-bauer?utm_source=rheinpfalz.de&amp;utm_medium=tms&amp;utm_campaign=intext\" rel=\"nofollow noopener\" target=\"_blank\">Andreas Bauer<\/a>, Vorsitzender der Arbeitsgemeinschaft der Vereine (Arge), und SPD-Stadtr\u00e4tin Julia May stie\u00dfen auf ein gelungenes und vor allem friedliches Fest an, das am Samstag  von Oberb\u00fcrgermeisterin Jutta Steinruck (parteilos) um 14 Uhr offiziell er\u00f6ffnet wird. H\u00f6hepunkt ist um 19 Uhr der Auftritt der Poor Boys. Am Sonntag beginnt um 11 Uhr der Fr\u00fchschoppen mit anschlie\u00dfendem \u00f6kumenischem Gottesdienst,  ab 14 Uhr freut sich die Sch\u00fclerband \u201eBand International\u201c auf ihren Auftritt auf dem Goerdelerplatz.<\/p>\n","protected":false},"excerpt":{"rendered":"Mit dem Auftritt der Showband Remember hat am Freitagabend bei strahlendem Sonnenschein und bester Stimmung das 44. Hemshoffest&hellip;\n","protected":false},"author":2,"featured_media":152120,"comment_status":"","ping_status":"","sticky":false,"template":"","format":"standard","meta":{"footnotes":""},"categories":[1845],"tags":[53980,1634,3364,29,548,663,3934,30,13,4060,2096,14,15,40599,12,53979,184],"class_list":{"0":"post-152119","1":"post","2":"type-post","3":"status-publish","4":"format-standard","5":"has-post-thumbnail","7":"category-mannheim","8":"tag-andreas-bauer","9":"tag-baden-wuerttemberg","10":"tag-de","11":"tag-deutschland","12":"tag-eu","13":"tag-europa","14":"tag-europe","15":"tag-germany","16":"tag-headlines","17":"tag-lokal","18":"tag-mannheim","19":"tag-nachrichten","20":"tag-news","21":"tag-osman-guersoy","22":"tag-schlagzeilen","23":"tag-showband","24":"tag-spd"},"share_on_mastodon":{"url":"https:\/\/pubeurope.com\/@de\/114598096633640504","error":""},"_links":{"self":[{"href":"https:\/\/www.europesays.com\/de\/wp-json\/wp\/v2\/posts\/152119","targetHints":{"allow":["GET"]}}],"collection":[{"href":"https:\/\/www.europesays.com\/de\/wp-json\/wp\/v2\/posts"}],"about":[{"href":"https:\/\/www.europesays.com\/de\/wp-json\/wp\/v2\/types\/post"}],"author":[{"embeddable":true,"href":"https:\/\/www.europesays.com\/de\/wp-json\/wp\/v2\/users\/2"}],"replies":[{"embeddable":true,"href":"https:\/\/www.europesays.com\/de\/wp-json\/wp\/v2\/comments?post=152119"}],"version-history":[{"count":0,"href":"https:\/\/www.europesays.com\/de\/wp-json\/wp\/v2\/posts\/152119\/revisions"}],"wp:featuredmedia":[{"embeddable":true,"href":"https:\/\/www.europesays.com\/de\/wp-json\/wp\/v2\/media\/152120"}],"wp:attachment":[{"href":"https:\/\/www.europesays.com\/de\/wp-json\/wp\/v2\/media?parent=152119"}],"wp:term":[{"taxonomy":"category","embeddable":true,"href":"https:\/\/www.europesays.com\/de\/wp-json\/wp\/v2\/categories?post=152119"},{"taxonomy":"post_tag","embeddable":true,"href":"https:\/\/www.europesays.com\/de\/wp-json\/wp\/v2\/tags?post=152119"}],"curies":[{"name":"wp","href":"https:\/\/api.w.org\/{rel}","templated":true}]}}