{"id":152316,"date":"2025-05-30T19:49:16","date_gmt":"2025-05-30T19:49:16","guid":{"rendered":"https:\/\/www.europesays.com\/de\/152316\/"},"modified":"2025-05-30T19:49:16","modified_gmt":"2025-05-30T19:49:16","slug":"geschaendetes-mahnmal-rechtsextremist-war-mitglied-der-afd-ndr-de-nachrichten-niedersachsen","status":"publish","type":"post","link":"https:\/\/www.europesays.com\/de\/152316\/","title":{"rendered":"Gesch\u00e4ndetes Mahnmal: Rechtsextremist war Mitglied der AfD | NDR.de &#8211; Nachrichten &#8211; Niedersachsen"},"content":{"rendered":"<p>\nStand: 30.05.2025 19:30 Uhr\n<\/p>\n<p class=\"preface\">Ein 25-j\u00e4hriger Rechtsextremist aus dem Raum Hannover soll zum Zeitpunkt der mutma\u00dflichen Sch\u00e4ndung der NS-Gedenkst\u00e4tte Ahlem AfD-Mitglied gewesen sein. Die Partei selbst spricht von einer ung\u00fcltigen Mitgliedschaft.<\/p>\n<p>Nach Angaben der Polizei wurde bei einer Hausdurchsuchung <a href=\"https:\/\/www.ndr.de\/nachrichten\/niedersachsen\/hannover_weser-leinegebiet\/Gedenkstaette-beschaedigt-Staatsschutz-ermittelt-Verdaechtigen,aktuellhannover18172.html\" title=\"Zum Artikel: Gedenkst\u00e4tte besch\u00e4digt: Staatsschutz ermittelt Verd\u00e4chtigen\" target=\"_blank\" rel=\"noopener\">Anfang Februar<\/a> ein Schreiben des AfD-Landesverbands gefunden. Dieses Schreiben sei datiert auf den 20.01.2025 und best\u00e4tige &#8222;eine zu dem Zeitpunkt seit einigen Wochen bestehende Vollmitgliedschaft des Beschuldigten in der Partei Alternative f\u00fcr Deutschland in Niedersachsen&#8220;, sagte ein Sprecher der Polizei Hannover am Freitag. Die <a href=\"https:\/\/www.haz.de\/lokales\/hannover\/mutmasslicher-gedenkstaetten-schaender-von-hannover-ahlem-war-afd-mitglied-OME7IA5GUJCF5DQLG24JE36S5E.html\" title=\"Link: Hier geht es zum Bericht der &quot;HAZ&quot; \u00fcber die AfD-Mitgliedschaft\" rel=\"noopener\" target=\"_blank\">&#8222;Hannoversche Allgemeine Zeitung&#8220;<\/a> hatte zuerst \u00fcber die AfD-Mitgliedschaft des 25-J\u00e4hrigen berichtet.<\/p>\n<p>AfD spricht von Aufnahmebetrug<\/p>\n<p>Die AfD teilte am Freitag mit, dass die Mitgliedschaft des Tatverd\u00e4chtigen im Vorhinein ung\u00fcltig gewesen sei. Es handele sich um Aufnahmebetrug, teilte ein Sprecher der Partei der Deutschen Presse-Agentur auf Anfrage mit. Der 25-J\u00e4hrige hat laut dem Sprecher seine Mitgliedschaften bei der rechtsextremen Partei Die Heimat (fr\u00fcher NPD) und deren Jugendorganisation Junge Nationalisten verschwiegen. &#8222;Diese Gruppierungen stehen wie andere extremistische Organisationen auch auf der Unvereinbarkeitsliste der AfD.&#8220; Auch ehemalige Mitglieder w\u00fcrden nicht aufgenommen werden, so der Sprecher. Die Mitgliedschaft des 25-J\u00e4hrigen wurde nach Angaben des AfD-Sprechers annulliert, als die Identit\u00e4t klar war. Die Partei verurteile die <a href=\"https:\/\/www.ndr.de\/nachrichten\/niedersachsen\/hannover_weser-leinegebiet\/Ahlem-Rechtsextremist-beschaedigte-wohl-Holocaust-Gedenkstaette,aktuellhannover18230.html\" title=\"Zum Artikel: Ahlem: Rechtsextremist besch\u00e4digte wohl Holocaust-Gedenkst\u00e4tte\" target=\"_blank\" rel=\"noopener\">Sch\u00e4ndung des Mahnmals<\/a> &#8222;auf das Sch\u00e4rfste&#8220; und man werde sich mit dem Team der Gedenkst\u00e4tte in Verbindung setzen, um die Solidarit\u00e4t durch die AfD mitzuteilen.<\/p>\n<p>Weitere Informationen<\/p>\n<p><img decoding=\"async\" src=\"https:\/\/www.europesays.com\/de\/wp-content\/uploads\/2025\/05\/screenshot1939280_v-contentgross.jpg\" alt=\"Ein Mann liegt mit Handschellen am Boden, eine weiter Person kniet auf ihm. \u00a9 Screenshot \" title=\"Ein Mann liegt mit Handschellen am Boden, eine weiter Person kniet auf ihm.\" class=\"responsive\"\/><\/p>\n<p>\nFahnder hatten den Mann aus dem Raum Hannover auf einem Bahnhof gefasst. Er soll die Holocaust-Gedenkst\u00e4tte Ahlem gesch\u00e4ndet haben.<br \/>\n<a title=\"Zum Artikel: Festnahme in Budapest: Ungarn liefert deutschen Neonazi aus\" href=\"https:\/\/www.ndr.de\/nachrichten\/niedersachsen\/hannover_weser-leinegebiet\/Festnahme-in-Budapest-Ungarn-liefert-deutschen-Neonazi-aus,neonazi164.html\" class=\"cta \" target=\"_blank\" rel=\"noopener\">mehr<\/a>\n<\/p>\n<p>Steffen Krach h\u00e4lt Solidarit\u00e4tsbekundungen f\u00fcr unglaubw\u00fcrdig<\/p>\n<p>Der Pr\u00e4sident der Region Hannover, Steffen Krach (SPD), kritisiert die angek\u00fcndigten Solidarit\u00e4tsbekundungen. &#8222;Wer mit der AfD sympathisiert, sollte wissen: Diese Partei bietet nicht nur Rechtsextremen eine B\u00fchne &#8211; sie zieht teils auch gewaltbereite Kreise an&#8220;, sagte Krach am Freitag. &#8222;Solange etwa der Th\u00fcringer Landesverband weiterhin die Arbeit von Gedenkst\u00e4tten infrage stellt&#8220;, bleibe jede Solidarit\u00e4tsbekundung aus der AfD absolut unglaubw\u00fcrdig, so der Regionspr\u00e4sident weiter. Wenn die AfD in Hannover es ernst meine mit ihrer Solidarit\u00e4t gegen\u00fcber der Gedenkst\u00e4tte, dann solle sie sich an ihre Parteif\u00fchrung &#8211; in den Landesverb\u00e4nden und auf Bundesebene &#8211; wenden und fordern, &#8222;dass die Arbeit der Gedenkst\u00e4tten bundesweit nicht relativiert, infrage gestellt oder delegitimiert werden darf&#8220;, sagte Krach.<\/p>\n<p>25-J\u00e4hriger in Ungarn festgenommen<\/p>\n<p>Der 25-j\u00e4hrige Verd\u00e4chtige sitzt nach Angaben der Staatsanwaltschaft Hannover weiter in Untersuchungshaft.\u00a0Ungarische Anti-Terror-Fahnder hatten den <a href=\"https:\/\/www.ndr.de\/nachrichten\/niedersachsen\/hannover_weser-leinegebiet\/Festnahme-in-Budapest-Ungarn-liefert-deutschen-Neonazi-aus,neonazi164.html\" title=\"Zum Artikel: Festnahme in Budapest: Ungarn liefert deutschen Neonazi aus\" target=\"_blank\" rel=\"noopener\">Rechtsextremisten<\/a> vergangene Woche in Budapest festgenommen. Nach NDR Recherchen hatten Ermittler den Mann mit Europ\u00e4ischem Haftbefehl gesucht, weil gegen ihn wegen eines Versto\u00dfes gegen das Waffengesetz ermittelt wird. Bei der Durchsuchung der Wohnung des Neonazis in der Region Hannover hatte die Polizei im Februar eine Schusswaffe sichergestellt. Auch ein Versto\u00df gegen das Bet\u00e4ubungsmittelgesetz sowie Sachbesch\u00e4digung wird ihm von der Staatsanwaltschaft vorgeworfen. Seit Mitte M\u00e4rz war der Verd\u00e4chtige mit Haftbefehl gesucht worden, weil Ermittler feststellten, dass er unter seiner Wohnanschrift nicht aufzufinden war. Fahnder bekamen daraufhin Hinweise, dass der Rechtsextremist in Ungarn sein k\u00f6nnte.<\/p>\n<p>Weitere Informationen<\/p>\n<p><img decoding=\"async\" src=\"https:\/\/www.europesays.com\/de\/wp-content\/uploads\/2025\/05\/ahlem186_v-contentgross.jpg\" alt=\"Ein Schild mit der Aufschrift: &quot;Gedenkst\u00e4tte Ahlem&quot; steht vor einem Geb\u00e4ude. \u00a9 dpa-Bildfunk Foto: Peter Steffen\" title=\"Ein Schild mit der Aufschrift: &quot;Gedenkst\u00e4tte Ahlem&quot; steht vor einem Geb\u00e4ude.\" class=\"responsive\"\/><\/p>\n<p>\nDer 25-J\u00e4hrige soll nach dem Holocaust-Gedenktag an der Gedenkst\u00e4tte Ahlem randaliert haben. Videoaufnahmen f\u00fchrten auf die Spur.<br \/>\n<a title=\"Zum Artikel: Gedenkst\u00e4tte besch\u00e4digt: Staatsschutz ermittelt Verd\u00e4chtigen\" href=\"https:\/\/www.ndr.de\/nachrichten\/niedersachsen\/hannover_weser-leinegebiet\/Gedenkstaette-beschaedigt-Staatsschutz-ermittelt-Verdaechtigen,aktuellhannover18172.html\" class=\"cta \" target=\"_blank\" rel=\"noopener\">mehr<\/a>\n<\/p>\n<p><img decoding=\"async\" src=\"https:\/\/www.europesays.com\/de\/wp-content\/uploads\/2025\/05\/ahlem103_v-contentgross.jpg\" alt=\"Der denkmalgesch\u00fctze Altbau der Gedenkst\u00e4tte Ahlem in Hannover. \u00a9 dpa Foto: Holger Hollemann\" title=\"Der denkmalgesch\u00fctze Altbau der Gedenkst\u00e4tte Ahlem in Hannover.\" class=\"responsive\"\/><\/p>\n<p>\nDer Tatverd\u00e4chtige engagiert sich laut Polizei in rechtsextremen Gruppen. Ermittler fanden bei ihm auch eine Maschinenpistole.<br \/>\n<a title=\"Zum Artikel: Ahlem: Rechtsextremist besch\u00e4digte wohl Holocaust-Gedenkst\u00e4tte\" href=\"https:\/\/www.ndr.de\/nachrichten\/niedersachsen\/hannover_weser-leinegebiet\/Ahlem-Rechtsextremist-beschaedigte-wohl-Holocaust-Gedenkstaette,aktuellhannover18230.html\" class=\"cta \" target=\"_blank\" rel=\"noopener\">mehr<\/a>\n<\/p>\n<p><img decoding=\"async\" src=\"https:\/\/www.europesays.com\/de\/wp-content\/uploads\/2025\/04\/chronik352_v-contentgross.jpg\" alt=\"Ruth Gr\u00f6ne betrachtet in der Ged\u00e4nkst\u00e4tte Ahlem eine Portr\u00e4tfotografie, die ihren Vater Erich Kleeberg zeigt. \u00a9 NDR \" title=\"Ruth Gr\u00f6ne betrachtet in der Ged\u00e4nkst\u00e4tte Ahlem eine Portr\u00e4tfotografie, die ihren Vater Erich Kleeberg zeigt.\" class=\"responsive\"\/><\/p>\n<p>\nAm 10. April 1945 r\u00fcckten US-Truppen in das Lager vor. Der Vater von Ruth Gr\u00f6ne war ins KZ gekommen, weil er Getreidek\u00f6rner aufgefegt hatte.<br \/>\n<a title=\"Zum Artikel: Im April 1945 wird das KZ Hannover-Ahlem befreit\" href=\"https:\/\/www.ndr.de\/geschichte\/chronologie\/kriegsende\/Im-April-1945-wird-KZ-Hannover-Ahlem-befreit,ahlem214.html\" class=\"cta \" target=\"_blank\" rel=\"noopener\">mehr<\/a>\n<\/p>\n<p><img decoding=\"async\" src=\"https:\/\/www.europesays.com\/de\/wp-content\/uploads\/2025\/03\/ndr_printlogo.gif\" alt=\"NDR Logo\" title=\"NDR Logo\"\/><\/p>\n","protected":false},"excerpt":{"rendered":"Stand: 30.05.2025 19:30 Uhr Ein 25-j\u00e4hriger Rechtsextremist aus dem Raum Hannover soll zum Zeitpunkt der mutma\u00dflichen Sch\u00e4ndung der&hellip;\n","protected":false},"author":2,"featured_media":152317,"comment_status":"","ping_status":"","sticky":false,"template":"","format":"standard","meta":{"footnotes":""},"categories":[1836],"tags":[186,54022,3364,29,30,46,54021,438,1411,439,440,83,20393],"class_list":{"0":"post-152316","1":"post","2":"type-post","3":"status-publish","4":"format-standard","5":"has-post-thumbnail","7":"category-hannover","8":"tag-afd","9":"tag-afd-mitglied","10":"tag-de","11":"tag-deutschland","12":"tag-germany","13":"tag-hannover","14":"tag-holocaust-gedenkstaette-ahlem","15":"tag-ndr","16":"tag-niedersachsen","17":"tag-norddeutscher-rundfunk","18":"tag-norddeutschland","19":"tag-radio","20":"tag-rechtsextremist"},"share_on_mastodon":{"url":"https:\/\/pubeurope.com\/@de\/114598521532351948","error":""},"_links":{"self":[{"href":"https:\/\/www.europesays.com\/de\/wp-json\/wp\/v2\/posts\/152316","targetHints":{"allow":["GET"]}}],"collection":[{"href":"https:\/\/www.europesays.com\/de\/wp-json\/wp\/v2\/posts"}],"about":[{"href":"https:\/\/www.europesays.com\/de\/wp-json\/wp\/v2\/types\/post"}],"author":[{"embeddable":true,"href":"https:\/\/www.europesays.com\/de\/wp-json\/wp\/v2\/users\/2"}],"replies":[{"embeddable":true,"href":"https:\/\/www.europesays.com\/de\/wp-json\/wp\/v2\/comments?post=152316"}],"version-history":[{"count":0,"href":"https:\/\/www.europesays.com\/de\/wp-json\/wp\/v2\/posts\/152316\/revisions"}],"wp:featuredmedia":[{"embeddable":true,"href":"https:\/\/www.europesays.com\/de\/wp-json\/wp\/v2\/media\/152317"}],"wp:attachment":[{"href":"https:\/\/www.europesays.com\/de\/wp-json\/wp\/v2\/media?parent=152316"}],"wp:term":[{"taxonomy":"category","embeddable":true,"href":"https:\/\/www.europesays.com\/de\/wp-json\/wp\/v2\/categories?post=152316"},{"taxonomy":"post_tag","embeddable":true,"href":"https:\/\/www.europesays.com\/de\/wp-json\/wp\/v2\/tags?post=152316"}],"curies":[{"name":"wp","href":"https:\/\/api.w.org\/{rel}","templated":true}]}}