{"id":152327,"date":"2025-05-30T19:55:20","date_gmt":"2025-05-30T19:55:20","guid":{"rendered":"https:\/\/www.europesays.com\/de\/152327\/"},"modified":"2025-05-30T19:55:20","modified_gmt":"2025-05-30T19:55:20","slug":"maedchen-12-in-bottrop-vermisst-polizei-sucht-mit-fotos","status":"publish","type":"post","link":"https:\/\/www.europesays.com\/de\/152327\/","title":{"rendered":"M\u00e4dchen (12) in Bottrop vermisst: Polizei sucht mit Fotos"},"content":{"rendered":"<p>\t\tM\u00e4dchen (12) vermisst<br \/>\n\t\t\t\t\tMutter sah ihre Tochter zuletzt am Montag (26.5.) \u2013 Fahndung mit Fotos<\/p>\n<p>\t30.05.2025 15:10 Uhr<\/p>\n<p>\t\tTeilen<\/p>\n<p>\n\tIn Merkliste \u00fcbernehmen\n<\/p>\n<p>    <a href=\"https:\/\/www.recklinghaeuser-zeitung.de\/wp-content\/uploads\/2025\/05\/30\/13\/630_0900_4753724_630_0008_16390976_227179734-1648x824.jpg\" rel=\"nofollow noopener\" target=\"_blank\"><\/p>\n<p>            <img decoding=\"async\" fetchpriority=\"high\" src=\"https:\/\/www.europesays.com\/de\/wp-content\/uploads\/2025\/05\/630_0900_4753723_630_0008_16390976_227179734-640x428.jpg\" width=\"640\" height=\"428\"  alt=\"Hinter einer Lupe ist der Schriftzug \u00abVermisste Person\u00bb auf einem Fahndungsaufruf auf der Internetseite des Bundeskriminalamtes (BKA) zu sehen.\"\/><\/p>\n<p>    <\/a><br \/>\n    Die Polizei sucht ein vermisstes M\u00e4dchen aus Bottrop. Die Zw\u00f6lfj\u00e4hrige ist seit Montag (26.5.) verschwunden. \u00a9 picture alliance\/dpa\/dpa-Zentralbild<\/p>\n<p class=\"article__teaser-text\">Die Polizei sucht ein zw\u00f6lfj\u00e4hriges M\u00e4dchen. Die Jugendliche hielt sich zuletzt in Bottrop auf.<\/p>\n<p>1 Min Lesezeit<\/p>\n<p>In Bottrop wird ein 12-j\u00e4hriges M\u00e4dchen vermisst. Dies geht aus einer Mitteilung der Polizei hervor. Die Sch\u00fclerin wurde zuletzt am Montagnachmittag (26.5.) von ihrer Mutter im Stadtgebiet gesehen, seither fehlt jede Spur. Die bisherigen Fahndungsma\u00dfnahmen blieben ohne Erfolg. Die Polizei hat daher eine \u00d6ffentlichkeitsfahndung eingeleitet und bittet um Hinweise aus der Bev\u00f6lkerung.<\/p>\n<p><img decoding=\"async\" width=\"806\" height=\"1024\" loading=\"lazy\" src=\"https:\/\/www.europesays.com\/de\/wp-content\/uploads\/2025\/05\/630_0900_4753726_RZL_vermisste2_3277_2a-806x1024.jpg\" alt=\"Portr\u00e4tfoto eines dunkelhaarigen zw\u00f6lfj\u00e4hrigen M\u00e4dchens.\" class=\"wp-image-6000998491\" title=\"Portr\u00e4tfoto eines dunkelhaarigen zw\u00f6lfj\u00e4hrigen M\u00e4dchens.\"  \/>Dieses M\u00e4dchen wird in Bottrop vermisst. Wer hat sie gesehen?\u00a9 Polizei<\/p>\n<p>Zuletzt war die Vermisste in einen wei\u00dfen Pullover mit schwarzen Querstreifen und eine cremefarbene Hose gekleidet. Sie tr\u00e4gt schwarze Haare, hat braune Augen und eine schlanke Statur bei einer Gr\u00f6\u00dfe von etwa 160 cm. Zudem f\u00fchrte sie einen schwarzen Rucksack mit sich. Wer Angaben zum Verbleib des M\u00e4dchens machen kann, wird gebeten, sich mit der Polizei in Verbindung zu setzen: Tel. 0800\/2361111<\/p>\n<p><img decoding=\"async\" width=\"529\" height=\"1024\" loading=\"lazy\" src=\"https:\/\/www.europesays.com\/de\/wp-content\/uploads\/2025\/05\/630_0900_4753727_RZL_vermisste_3277_1a-529x1024.jpg\" alt=\"Ein M\u00e4dchen steht auf einer Gr\u00fcnfl\u00e4che. Es tr\u00e4gt einen schwarzen Rucksack und einen gestreiften Pullover.\" class=\"wp-image-6000998492\" title=\"Ein M\u00e4dchen steht auf einer Gr\u00fcnfl\u00e4che. Es tr\u00e4gt einen schwarzen Rucksack und einen gestreiften Pullover.\"  \/>Das M\u00e4dchen trug zuletzt einen gestreiften Pullover.\u00a9 Polizei<\/p>\n<p>\t\t<a href=\"https:\/\/www.recklinghaeuser-zeitung.de\/kreis-re\/tragisches-unglueck-kind-stuerzt-von-garagendach-rettungshubschrauber-im-einsatz-gladbeck-w1037712-6000996327\/\" rel=\"nofollow noopener\" aria-hidden=\"true\" tabindex=\"-1\" target=\"_blank\"><\/p>\n<p>                <img decoding=\"async\" src=\"https:\/\/www.europesays.com\/de\/wp-content\/uploads\/2025\/05\/630_0900_4747520_20250527_0515434-160x160.jpg\"  width=\"160\" height=\"160\" alt=\"\" loading=\"lazy\"\/><\/p>\n<p>\t\t<\/a><\/p>\n<p>\t\t<a href=\"https:\/\/www.recklinghaeuser-zeitung.de\/kreis-re\/schwerer-arbeitsunfall-auf-weide-frau-von-baggerschaufel-eingeklemmt-gladbeck-w1037721-6000996346\/\" rel=\"nofollow noopener\" aria-hidden=\"true\" tabindex=\"-1\" target=\"_blank\"><\/p>\n<p>                <img decoding=\"async\" src=\"https:\/\/www.europesays.com\/de\/wp-content\/uploads\/2025\/05\/630_0900_4747561_KRE_Reiterhof-160x160.jpg\"  width=\"160\" height=\"160\" alt=\"\" loading=\"lazy\"\/><\/p>\n<p>\t\t<\/a><\/p>\n<p>\n\t<a href=\"https:\/\/www.recklinghaeuser-zeitung.de\" class=\"button button--brand button--link home-button\" rel=\"nofollow noopener\" target=\"_blank\">Zur Startseite<\/a><\/p>\n","protected":false},"excerpt":{"rendered":"M\u00e4dchen (12) vermisst Mutter sah ihre Tochter zuletzt am Montag (26.5.) \u2013 Fahndung mit Fotos 30.05.2025 15:10 Uhr&hellip;\n","protected":false},"author":2,"featured_media":152328,"comment_status":"","ping_status":"","sticky":false,"template":"","format":"standard","meta":{"footnotes":""},"categories":[1834],"tags":[1950,3364,29,3688,30,1209,121],"class_list":{"0":"post-152327","1":"post","2":"type-post","3":"status-publish","4":"format-standard","5":"has-post-thumbnail","7":"category-essen","8":"tag-blaulicht","9":"tag-de","10":"tag-deutschland","11":"tag-essen","12":"tag-germany","13":"tag-nordrhein-westfalen","14":"tag-polizei"},"share_on_mastodon":{"url":"https:\/\/pubeurope.com\/@de\/114598545137770832","error":""},"_links":{"self":[{"href":"https:\/\/www.europesays.com\/de\/wp-json\/wp\/v2\/posts\/152327","targetHints":{"allow":["GET"]}}],"collection":[{"href":"https:\/\/www.europesays.com\/de\/wp-json\/wp\/v2\/posts"}],"about":[{"href":"https:\/\/www.europesays.com\/de\/wp-json\/wp\/v2\/types\/post"}],"author":[{"embeddable":true,"href":"https:\/\/www.europesays.com\/de\/wp-json\/wp\/v2\/users\/2"}],"replies":[{"embeddable":true,"href":"https:\/\/www.europesays.com\/de\/wp-json\/wp\/v2\/comments?post=152327"}],"version-history":[{"count":0,"href":"https:\/\/www.europesays.com\/de\/wp-json\/wp\/v2\/posts\/152327\/revisions"}],"wp:featuredmedia":[{"embeddable":true,"href":"https:\/\/www.europesays.com\/de\/wp-json\/wp\/v2\/media\/152328"}],"wp:attachment":[{"href":"https:\/\/www.europesays.com\/de\/wp-json\/wp\/v2\/media?parent=152327"}],"wp:term":[{"taxonomy":"category","embeddable":true,"href":"https:\/\/www.europesays.com\/de\/wp-json\/wp\/v2\/categories?post=152327"},{"taxonomy":"post_tag","embeddable":true,"href":"https:\/\/www.europesays.com\/de\/wp-json\/wp\/v2\/tags?post=152327"}],"curies":[{"name":"wp","href":"https:\/\/api.w.org\/{rel}","templated":true}]}}