{"id":152339,"date":"2025-05-30T20:01:11","date_gmt":"2025-05-30T20:01:11","guid":{"rendered":"https:\/\/www.europesays.com\/de\/152339\/"},"modified":"2025-05-30T20:01:11","modified_gmt":"2025-05-30T20:01:11","slug":"jens-suedekum-wird-chef-berater-von-lars-klingbeil","status":"publish","type":"post","link":"https:\/\/www.europesays.com\/de\/152339\/","title":{"rendered":"Jens S\u00fcdekum wird Chef-Berater von Lars Klingbeil"},"content":{"rendered":"<p class=\"text_ohne_einzug richtext text-em-55 !leading-serif mx-6 desktop:mx-0\"> Der D\u00fcsseldorfer \u00d6konom und die Sozialdemokratie in Berlin \u2013 eine Verbindung, die immer intensiver wird. Jens S\u00fcdekum, Professor f\u00fcr Internationale Volkswirtschaft an der Heinrich-Heine-Universit\u00e4t, ist schon seit der Ampelregierung unter Ex-Kanzler <a href=\"https:\/\/rp-online.de\/thema\/olaf-scholz\/\" target=\"_blank\" rel=\"noopener\">Olaf Scholz<\/a> ein gefragter Berater der <a href=\"https:\/\/rp-online.de\/thema\/spd\/\" target=\"_blank\" rel=\"noopener\">SPD<\/a>. Zum Beispiel im wirtschaftspolitischen Beirat, beim Ausarbeiten des Wahlkampf-Themas \u201eDeutschlandfonds\u201c und j\u00fcngst als einer der \u201eArchitekten des 500-Milliarden-Sonderverm\u00f6gens\u201c, wie ihn das Bundesfinanzministerium bezeichnet. Genau dort bekommt der 49-J\u00e4hrige nun eine neue und entscheidende Rolle.<\/p>\n","protected":false},"excerpt":{"rendered":"Der D\u00fcsseldorfer \u00d6konom und die Sozialdemokratie in Berlin \u2013 eine Verbindung, die immer intensiver wird. Jens S\u00fcdekum, Professor&hellip;\n","protected":false},"author":2,"featured_media":152340,"comment_status":"","ping_status":"","sticky":false,"template":"","format":"standard","meta":{"footnotes":""},"categories":[1831],"tags":[11621,18237,36388,3364,29,3405,33017,30,27247,6837,776,19986,1209,54030,1954,54029],"class_list":{"0":"post-152339","1":"post","2":"type-post","3":"status-publish","4":"format-standard","5":"has-post-thumbnail","7":"category-duesseldorf","8":"tag-uni","9":"tag-18237","10":"tag-bundesfinanzministerium","11":"tag-de","12":"tag-deutschland","13":"tag-duesseldorf","14":"tag-finanzminister","15":"tag-germany","16":"tag-heine","17":"tag-jens","18":"tag-lars-klingbeil","19":"tag-ministerium","20":"tag-nordrhein-westfalen","21":"tag-professor","22":"tag-sondervermoegen","23":"tag-suedekum"},"share_on_mastodon":{"url":"https:\/\/pubeurope.com\/@de\/114598568680000609","error":""},"_links":{"self":[{"href":"https:\/\/www.europesays.com\/de\/wp-json\/wp\/v2\/posts\/152339","targetHints":{"allow":["GET"]}}],"collection":[{"href":"https:\/\/www.europesays.com\/de\/wp-json\/wp\/v2\/posts"}],"about":[{"href":"https:\/\/www.europesays.com\/de\/wp-json\/wp\/v2\/types\/post"}],"author":[{"embeddable":true,"href":"https:\/\/www.europesays.com\/de\/wp-json\/wp\/v2\/users\/2"}],"replies":[{"embeddable":true,"href":"https:\/\/www.europesays.com\/de\/wp-json\/wp\/v2\/comments?post=152339"}],"version-history":[{"count":0,"href":"https:\/\/www.europesays.com\/de\/wp-json\/wp\/v2\/posts\/152339\/revisions"}],"wp:featuredmedia":[{"embeddable":true,"href":"https:\/\/www.europesays.com\/de\/wp-json\/wp\/v2\/media\/152340"}],"wp:attachment":[{"href":"https:\/\/www.europesays.com\/de\/wp-json\/wp\/v2\/media?parent=152339"}],"wp:term":[{"taxonomy":"category","embeddable":true,"href":"https:\/\/www.europesays.com\/de\/wp-json\/wp\/v2\/categories?post=152339"},{"taxonomy":"post_tag","embeddable":true,"href":"https:\/\/www.europesays.com\/de\/wp-json\/wp\/v2\/tags?post=152339"}],"curies":[{"name":"wp","href":"https:\/\/api.w.org\/{rel}","templated":true}]}}