{"id":152357,"date":"2025-05-30T20:12:19","date_gmt":"2025-05-30T20:12:19","guid":{"rendered":"https:\/\/www.europesays.com\/de\/152357\/"},"modified":"2025-05-30T20:12:19","modified_gmt":"2025-05-30T20:12:19","slug":"ironman-hamburg-2025-strecke-ablauf-sperrungen-wetter-beim-triathlon-regional","status":"publish","type":"post","link":"https:\/\/www.europesays.com\/de\/152357\/","title":{"rendered":"Ironman Hamburg 2025: Strecke, Ablauf, Sperrungen, Wetter beim Triathlon | Regional"},"content":{"rendered":"<p>Hamburg \u2013 <b>Am Sonntag findet der 8. IRONMAN in Hamburg statt. BILD sagt alles, was Sie zu der sportlichen Gro\u00dfveranstaltung wissen m\u00fcssen.<\/b><\/p>\n<p>Rund 3000 Teilnehmer aus 60 Nationen treten am 1. Juni zum <a href=\"https:\/\/www.bild.de\/sport\/sportart\/triathlon\/triathlon-alle-infos-76677768.bild.html\" class=\"text-link\" target=\"_blank\" rel=\"noopener\">Triathlon<\/a> an. Neben Hobby-Sportlern gehen auch Profis beim Wettkampf an den Start und stellen sich der sportlichen Herausforderung: 3,8 Kilometer Schwimmen durch die Alster, 180 Kilometer Radfahren, 42,2 Kilometer Laufen.<\/p>\n<p>Wer beim Rennen in <a href=\"https:\/\/www.bild.de\/regional\/hamburg\/hamburg-regional\/home-16344102.bild.html\" class=\"text-link\" target=\"_blank\" rel=\"noopener\">Hamburg<\/a> besonders gut abschneidet, kann sich einen der begehrten Startpl\u00e4tze f\u00fcr die IRONMAN World Championship sichern. Im Rahmen des regul\u00e4ren Wettkampfs findet auch die IRONMAN-Europameisterschaft der Profi-Frauen statt.<\/p>\n<p><img decoding=\"async\" width=\"992\" height=\"558\" alt=\"Auf die Pl\u00e4tze, fertig, los! Am Jungfernstieg gehen die Athleten 2024 ins Wasser\" src=\"https:\/\/www.europesays.com\/de\/wp-content\/uploads\/2025\/05\/08eaed03ca1958fdae611ce28a2afbf6,cd5fbede\"   class=\"landscape\" loading=\"lazy\"\/><\/p>\n<p class=\"fig__caption__text\">Auf die Pl\u00e4tze, fertig, los! Am Jungfernstieg gehen die Athleten 2024 ins Wasser<\/p>\n<p>Foto: picture alliance\/dpa<\/p>\n<p><img decoding=\"async\" width=\"992\" height=\"558\" alt=\"Was f\u00fcr eine sch\u00f6ne Strecke: Ein Athlet f\u00e4hrt mit dem Fahrrad an der Elbphilharmonie vorbei\" src=\"https:\/\/www.europesays.com\/de\/wp-content\/uploads\/2025\/05\/1b5ed7d2294634a97d977d12b9c16ebf,7a35a9be\"   class=\"landscape\" loading=\"lazy\"\/><\/p>\n<p class=\"fig__caption__text\">Was f\u00fcr eine sch\u00f6ne Strecke: Ein Athlet f\u00e4hrt mit dem Fahrrad an der Elbphilharmonie vorbei<\/p>\n<p>Foto: Getty Images for IRONMAN<\/p>\n<p>Der Zeitplan beim Ironman in Hamburg<\/p>\n<p><b>Der Startschuss ist f\u00fcr den fr\u00fchen Morgen um 6.15 Uhr geplant. Gegen 14.30 Uhr werden die ersten Teilnehmer auf der Zielgeraden am Rathausmarkt erwartet. Die <\/b><a href=\"https:\/\/www.bild.de\/themen\/ereignisse\/grossveranstaltungen\/news-fotos-videos-17003256.bild.html\" class=\"text-link\" target=\"_blank\" rel=\"noopener\"><b>Gro\u00dfveranstaltung<\/b><\/a><b> dauert bis 23 Uhr.<\/b><\/p>\n<p><b>\u25b6\ufe0e Schwimmen<\/b>: Startschuss auf dem Alsteranleger am Jungfernstieg: Die Athleten gehen ins Wasser und passieren die Lombards- und die Kennedybr\u00fccke. Anschlie\u00dfend schwimmen sie eine Kurve und steigen am Rathausmarkt aus dem Wasser.<\/p>\n<p><img decoding=\"async\" width=\"992\" height=\"1178\" alt=\"3,8 Kilometer m\u00fcssen die Teilnehmer im Wasser zur\u00fccklegen\" src=\"https:\/\/www.europesays.com\/de\/wp-content\/uploads\/2025\/05\/1782a89bb069f874c5c84f9156a3bc8e,219b1b83\"   class=\"portrait\" loading=\"lazy\"\/><\/p>\n<p class=\"fig__caption__text\">3,8 Kilometer m\u00fcssen die Teilnehmer im Wasser zur\u00fccklegen<\/p>\n<p>Foto: IRONMAN Hamburg<\/p>\n<p><b>\u25b6\ufe0e Radfahren<\/b>: Am Ballindamm startet die 180 Kilometer lange Radstrecke, die durch die Speicherstadt, \u00fcber die Landungsbr\u00fccken und die Reeperbahn, die Elbchaussee, durch Bergedorf und entlang der Dove-Elbe f\u00fchrt, bevor die Teilnehmer das Ziel in der Innenstadt erreichen.<\/p>\n<p><img decoding=\"async\" width=\"992\" height=\"558\" alt=\"180 Kilometer ist die Radstrecke lang\" src=\"https:\/\/www.europesays.com\/de\/wp-content\/uploads\/2025\/05\/2082bb9374446a2efe4d3577ca002fbd,e2b329e6\"   class=\"landscape\" loading=\"lazy\"\/><\/p>\n<p class=\"fig__caption__text\">Die 180 Kilometer lange Radstrecke<\/p>\n<p>Foto: IRONMAN Hamburg<\/p>\n<p><b>\u25b6\ufe0e Laufen<\/b>: Die 42,2 Kilometer lange Laufstrecke f\u00fchrt im Anschluss an der westlichen Au\u00dfenalster vorbei und durch die Innenstadt. Vier Runden m\u00fcssen die Athleten schaffen, bevor sie die Zielgerade am Rathausmarkt erreichen.<\/p>\n<p><img decoding=\"async\" width=\"992\" height=\"1178\" alt=\"Die Laufstrecke umfasst vier Runden und ist 42,2 Kilometer lang\" src=\"https:\/\/www.europesays.com\/de\/wp-content\/uploads\/2025\/05\/672acb04a85623e099c42e69c9717a4a,d826bdbf\"   class=\"portrait\" loading=\"lazy\"\/><\/p>\n<p class=\"fig__caption__text\">Die Laufstrecke umfasst vier Runden und ist 42,2 Kilometer lang<\/p>\n<p>Foto: IRONMAN Hamburg<\/p>\n<p>Favoriten beim Ironman 2025<\/p>\n<p>Zu den Top-Favoriten der Frauen z\u00e4hlen die Vorjahressiegerin <b>Jackie Hering<\/b> (39, USA) sowie <b>Kat Matthews<\/b> (34, Gro\u00dfbritannien) und <b>Anne Reischmann<\/b> (33, Deutschland). <\/p>\n<p>Bei den M\u00e4nnern, deren Profi-Wettkampf erst am 29. Juni in Frankfurt stattfinden wird, gelten <b>Kristian Blummenfelt<\/b> (31, Norwegen) und <b>Gustav Iden<\/b> (29, Norwegen) als Favoriten. <\/p>\n<p>Zuschauer k\u00f6nnen sich entlang der gesamten Strecke positionieren. Wer den Start oder den Endspurt nicht verpassen m\u00f6chte, sollte in die Innenstadt fahren.<\/p>\n<p>Lesen Sie auchDas Wetter zum Ironman in Hamburg<\/p>\n<p>Das <a href=\"https:\/\/www.bild.de\/news\/aktuelles\/wetter\/wetter-alle-infos-78213998.bild.html\" class=\"text-link\" target=\"_blank\" rel=\"noopener\">Wetter<\/a> in Hamburg ist am Wochenende durchwachsen. Teilnehmer und Zuschauer k\u00f6nnen sich am Sonntag auf einen Mix aus Sonne und Regen sowie eine maximale Tagestemperatur von 23 Grad einstellen. Die Regenwahrscheinlichkeit liegt gegen Mittag bei 35 Prozent.<\/p>\n<p>Wer am Sonntag nicht vor die T\u00fcr treten m\u00f6chte, kann den <a href=\"https:\/\/www.bild.de\/sport\/startseite\/sport\/sport-home-15479124.bild.html\" class=\"text-link\" target=\"_blank\" rel=\"noopener\">Sport<\/a> auch im Fernsehen live beim NDR verfolgen oder \u00fcber den Livestream des Veranstalters zuschauen.<\/p>\n<p> An dieser Stelle findest du Inhalte aus YouTube <\/p>\n<p> Um mit Inhalten aus YouTube und anderen sozialen Netzwerken zu interagieren oder diese darzustellen, brauchen wir deine Zustimmung. <\/p>\n<p> soziale Netzwerke aktivieren  Um eingebettete Inhalte anzuzeigen, ist Ihre jederzeit widerrufliche Einwilligung (\u00fcber den Schalter oder \u00fcber &#8220; <a class=\"embed-placeholder__text-link\" href=\"#\" rel=\"noopener noreferrer\" title=\"Tracking widerrufen\"> Widerruf Tracking und Cookies<\/a> &#8220; am Seitenende) zur Verarbeitung personenbezogener Daten n\u00f6tig.  Dabei k\u00f6nnen Daten in Drittl\u00e4nder wie die USA \u00fcbermittelt werden (Art. 49 Abs. 1 lit. a DSGVO). Mit dem Aktivieren des Inhalts stimmen Sie zu. Weitere Infos finden Sie <a class=\"embed-placeholder__text-link\" href=\"#\" rel=\"noopener noreferrer\" title=\"Zu den Privatsph\u00e4re Einstellungen\"> hier<\/a>. Stra\u00dfensperrungen zum Triathlon in Hamburg<\/p>\n<p>Am gesamten Wochenende m\u00fcssen sich Autofahrer in Hamburg auf diverse Stra\u00dfensperrungen und Umleitungen einstellen. Auch Buslinien werden umgeleitet.<\/p>\n<ul class=\"unordered-list\">\n<li><b>Ab Freitag<\/b> um 10 Uhr: Ballindamm und Jungfernstieg gesperrt<\/li>\n<li><b>Ab Samstagnachmittag<\/b>: Binnenalster und der s\u00fcdliche Teil der Au\u00dfenalster f\u00fcr den Schiffsverkehr gesperrt<\/li>\n<li><b>Sonntag<\/b> ganzt\u00e4gig: Lombardsbr\u00fccke gesperrt<\/li>\n<li><b>Sonntag<\/b> von 1 Uhr bis 18 Uhr: Wallringtunnel beidseitig gesperrt, Glockengie\u00dferwall gesperrt<\/li>\n<li><b>Sonntag<\/b> von 6 Uhr bis 17.30 Uhr: Radstrecke gesperrt<\/li>\n<li><b>Sonntag<\/b> von 10.30 Uhr bis 23.30 Uhr: Laufstrecke entlang der Au\u00dfenalster gesperrt<\/li>\n<\/ul>\n<p>Die Polizei empfiehlt f\u00fcr die Anreise die Nutzung von Bahnverbindungen.<\/p>\n<p>R\u00fcckfragen zur Verkehrslage bei der Polizei am Sonntag zwischen 7 und 16 Uhr \u2013 Tel.: 040 4286-56565. <\/p>\n<p>Informationen zum <a href=\"https:\/\/www.bild.de\/themen\/specials\/oeffentliche-verkehrsmittel\/news-fotos-videos-17021172.bild.html\" class=\"text-link\" target=\"_blank\" rel=\"noopener\">\u00f6ffentlichen Nahverkehr<\/a> beim HVV \u2013 Tel.: 040 19449<\/p>\n","protected":false},"excerpt":{"rendered":"Hamburg \u2013 Am Sonntag findet der 8. IRONMAN in Hamburg statt. BILD sagt alles, was Sie zu der&hellip;\n","protected":false},"author":2,"featured_media":152358,"comment_status":"","ping_status":"","sticky":false,"template":"","format":"standard","meta":{"footnotes":""},"categories":[1826],"tags":[29,30,7339,692,13828,7591,9605,265,54032,45,13829],"class_list":{"0":"post-152357","1":"post","2":"type-post","3":"status-publish","4":"format-standard","5":"has-post-thumbnail","7":"category-hamburg","8":"tag-deutschland","9":"tag-germany","10":"tag-grossveranstaltungen","11":"tag-hamburg","12":"tag-ironman","13":"tag-leichtathletik","14":"tag-leichtathletik-wettkampf","15":"tag-sport","16":"tag-sportereignisse","17":"tag-texttospeech","18":"tag-triathlon"},"share_on_mastodon":{"url":"https:\/\/pubeurope.com\/@de\/114598612097409954","error":""},"_links":{"self":[{"href":"https:\/\/www.europesays.com\/de\/wp-json\/wp\/v2\/posts\/152357","targetHints":{"allow":["GET"]}}],"collection":[{"href":"https:\/\/www.europesays.com\/de\/wp-json\/wp\/v2\/posts"}],"about":[{"href":"https:\/\/www.europesays.com\/de\/wp-json\/wp\/v2\/types\/post"}],"author":[{"embeddable":true,"href":"https:\/\/www.europesays.com\/de\/wp-json\/wp\/v2\/users\/2"}],"replies":[{"embeddable":true,"href":"https:\/\/www.europesays.com\/de\/wp-json\/wp\/v2\/comments?post=152357"}],"version-history":[{"count":0,"href":"https:\/\/www.europesays.com\/de\/wp-json\/wp\/v2\/posts\/152357\/revisions"}],"wp:featuredmedia":[{"embeddable":true,"href":"https:\/\/www.europesays.com\/de\/wp-json\/wp\/v2\/media\/152358"}],"wp:attachment":[{"href":"https:\/\/www.europesays.com\/de\/wp-json\/wp\/v2\/media?parent=152357"}],"wp:term":[{"taxonomy":"category","embeddable":true,"href":"https:\/\/www.europesays.com\/de\/wp-json\/wp\/v2\/categories?post=152357"},{"taxonomy":"post_tag","embeddable":true,"href":"https:\/\/www.europesays.com\/de\/wp-json\/wp\/v2\/tags?post=152357"}],"curies":[{"name":"wp","href":"https:\/\/api.w.org\/{rel}","templated":true}]}}