{"id":152360,"date":"2025-05-30T20:14:37","date_gmt":"2025-05-30T20:14:37","guid":{"rendered":"https:\/\/www.europesays.com\/de\/152360\/"},"modified":"2025-05-30T20:14:37","modified_gmt":"2025-05-30T20:14:37","slug":"fahrradsternfahrt-und-triathlon-2025-diese-strassen-werden-gesperrt","status":"publish","type":"post","link":"https:\/\/www.europesays.com\/de\/152360\/","title":{"rendered":"Fahrradsternfahrt und Triathlon 2025: Diese Stra\u00dfen werden gesperrt"},"content":{"rendered":"<p class=\"article_paragraph__hXYKJ\">\u201eAlle aufs Rad!\u201c: Unter diesem Motto veranstaltet der Allgemeine Deutsche Fahrrad-Club (ADFC) am Sonntag, dem 1. Juni, seine diesj\u00e4hrige Fahrrad-Sternfahrt. Tausende Teilnehmer werden erwartet, teilte die <a target=\"_blank\" rel=\"nofollow noopener\" href=\"https:\/\/viz.berlin.de\/aktuelle-meldungen\/fahrradsternfahrt-sonntag-01.06.2025\/\">Verkehrsinformationszentrale Berlin (VIZ)<\/a> mit. Auf einer Gesamtl\u00e4nge von mehr als 1000 Kilometern fahren die Radler vom Berliner Umland bis zum Gro\u00dfen Stern in <a target=\"_blank\" rel=\"nofollow noopener\" href=\"https:\/\/www.berliner-zeitung.de\/topics\/mitte\">Mitte<\/a>. Sie\u00a0fordern dabei bessere Bedingungen f\u00fcr den Radverkehr. Autofahrer m\u00fcssen mit berlinweiten Verkehrseinschr\u00e4nkungen rechnen.<\/p>\n<p class=\"article_paragraph__hXYKJ\">Die Fahrraddemonstration beginnt gegen 10 Uhr und soll gegen 16 Uhr enden. Die Teilnehmerinnen und Teilnehmer starten von verschiedenen Startpunkten in Berlin und Brandenburg und gelangen auf insgesamt 20 Routen in die Innenstadt. Dabei werden auch Abschnitte der Bundesautobahnen genutzt. Der Autoverkehr wird jeweils \u00fcber die anliegenden Stra\u00dfen umgeleitet. Eine Karte mit allen Routen <a target=\"_blank\" rel=\"nofollow noopener\" href=\"https:\/\/umap.openstreetmap.fr\/de\/map\/adfc-sternfahrt-2025_1180029#10\/52.5500\/13.3319\">finden Sie hier<\/a>.<\/p>\n<p>Fahrradsternfahrt 2025: Sperrungen in Berlin<\/p>\n<ul class=\"list_container__YR_HY list_bullets__9sX4H\">\n<li><strong>A100<\/strong>: Von 12 bis 14.30 Uhr wird die A100 wird zwischen Oberlandstra\u00dfe und Dreieck Funkturm (Ausfahrt Messedamm) in beide Richtungen gesperrt.<\/li>\n<li><strong>A115:<\/strong> Von 12 bis 14.30 Uhr wird die\u00a0A115 zwischen Kreuz Zehlendorf und AD Funkturm (Ausfahrt Messedamm) in beide Richtungen gesperrt.<\/li>\n<li><strong>Radfahrer<\/strong>: Demonstrationsteilnehmer k\u00f6nnen nur \u00fcber die Anschlussstellen Spanische Allee, Oberlandstra\u00dfe und Tempelhofer Damm auf die Autobahn gelangen.<\/li>\n<\/ul>\n<p class=\"article_paragraph__hXYKJ\">Weiterhin kann es laut der VIZ auf der Strecke AVUS (A115), Funkturm\/ICC, Messedamm, Kaiserdamm, Bismarckstra\u00dfe, Ernst-Reuter-Platz, Stra\u00dfe des 17. Juni, Gro\u00dfer Stern, Hofj\u00e4gerallee, Klingelh\u00f6ferstra\u00dfe, L\u00fctzowufer, Sch\u00f6neberger Ufer und Tempelhofer Ufer zu stundenlangen Sperrungen und St\u00f6rungen kommen.<\/p>\n<p class=\"article_paragraph__hXYKJ\">Berlinerinnen und Berlinern, die am Sonntag in der Innenstadt unterwegs sind, wird empfohlen, die U- und S-Bahnen oder das Rad zu nutzen. Dabei ist der Zugverkehr auf Teilstrecken der S1 (zwischen Blankenfelde und Mahlow) und S2 (zwischen Botanischer Garten und Sch\u00f6neberg) eingeschr\u00e4nkt. Zudem kommt es am Sonntag aufgrund des Berliner Triathlons zu Einschr\u00e4nkungen: Die Bulgarische Stra\u00dfe, K\u00f6penicker Landstra\u00dfe und Puschkinallee sind zwischen 7 und 20 Uhr stadteinw\u00e4rts ab Minna-Todenhagen-Stra\u00dfe gesperrt.<\/p>\n","protected":false},"excerpt":{"rendered":"\u201eAlle aufs Rad!\u201c: Unter diesem Motto veranstaltet der Allgemeine Deutsche Fahrrad-Club (ADFC) am Sonntag, dem 1. Juni, seine&hellip;\n","protected":false},"author":2,"featured_media":152361,"comment_status":"","ping_status":"","sticky":false,"template":"","format":"standard","meta":{"footnotes":""},"categories":[1825],"tags":[1941,1939,296,1937,29,30,1940,1938],"class_list":{"0":"post-152360","1":"post","2":"type-post","3":"status-publish","4":"format-standard","5":"has-post-thumbnail","7":"category-berlin","8":"tag-aktuelle-nachrichten-aus-berlin","9":"tag-aktuelle-news-aus-berlin","10":"tag-berlin","11":"tag-berlin-news","12":"tag-deutschland","13":"tag-germany","14":"tag-nachrichten-aus-berlin","15":"tag-news-aus-berlin"},"share_on_mastodon":{"url":"https:\/\/pubeurope.com\/@de\/114598619815075995","error":""},"_links":{"self":[{"href":"https:\/\/www.europesays.com\/de\/wp-json\/wp\/v2\/posts\/152360","targetHints":{"allow":["GET"]}}],"collection":[{"href":"https:\/\/www.europesays.com\/de\/wp-json\/wp\/v2\/posts"}],"about":[{"href":"https:\/\/www.europesays.com\/de\/wp-json\/wp\/v2\/types\/post"}],"author":[{"embeddable":true,"href":"https:\/\/www.europesays.com\/de\/wp-json\/wp\/v2\/users\/2"}],"replies":[{"embeddable":true,"href":"https:\/\/www.europesays.com\/de\/wp-json\/wp\/v2\/comments?post=152360"}],"version-history":[{"count":0,"href":"https:\/\/www.europesays.com\/de\/wp-json\/wp\/v2\/posts\/152360\/revisions"}],"wp:featuredmedia":[{"embeddable":true,"href":"https:\/\/www.europesays.com\/de\/wp-json\/wp\/v2\/media\/152361"}],"wp:attachment":[{"href":"https:\/\/www.europesays.com\/de\/wp-json\/wp\/v2\/media?parent=152360"}],"wp:term":[{"taxonomy":"category","embeddable":true,"href":"https:\/\/www.europesays.com\/de\/wp-json\/wp\/v2\/categories?post=152360"},{"taxonomy":"post_tag","embeddable":true,"href":"https:\/\/www.europesays.com\/de\/wp-json\/wp\/v2\/tags?post=152360"}],"curies":[{"name":"wp","href":"https:\/\/api.w.org\/{rel}","templated":true}]}}