{"id":152366,"date":"2025-05-30T20:17:17","date_gmt":"2025-05-30T20:17:17","guid":{"rendered":"https:\/\/www.europesays.com\/de\/152366\/"},"modified":"2025-05-30T20:17:17","modified_gmt":"2025-05-30T20:17:17","slug":"hund-dieter-aus-dem-tierheim-hofft-auf-letztes-zuhause","status":"publish","type":"post","link":"https:\/\/www.europesays.com\/de\/152366\/","title":{"rendered":"Hund Dieter aus dem Tierheim hofft auf letztes Zuhause"},"content":{"rendered":"<p>Sch\u00e4ferhundmischling Dieter <\/p>\n<p>\u00c4ltester Berliner Tierheim-Hund hofft auf letztes Zuhause<\/p>\n<p>30.05.2025 &#8211; 15:46 UhrLesedauer: 1 Min.<\/p>\n<p><a href=\"#focus-0\" class=\"transition-colors duration-200 focus-within:text-magenta block text-current relative\" data-sctrack=\"FocusGalleryImage.Reference\"><img fetchpriority=\"high\" data-testid=\"Opener.Image\" style=\"--lqipURL:url('https:\/\/images.t-online.de\/2025\/05\/2BSJv7gb9Am2\/0x53:1024x576\/fit-in\/150x0\/filters:blur(25)\/tierheim-hund-dieter-er-sucht-ein-letztes-zuhause.webp')\"   loading=\"eager\" src=\"https:\/\/www.europesays.com\/de\/wp-content\/uploads\/2025\/05\/tierheim-hund-dieter-er-sucht-ein-letztes-zuhause.webp.webp\" alt=\"Tierheim-Hund Dieter\" title=\"Tierheim-Hund Dieter\" width=\"1024\" height=\"576\" class=\"bg-[url:var(--lqipURL)] bg-cover bg-center flex w-full max-w-full h-full\" decoding=\"async\"\/><img style=\"--width:32;--height:32\" loading=\"lazy\" src=\"https:\/\/www.europesays.com\/de\/wp-content\/uploads\/2025\/05\/zoom-in.f7dae02f.svg.svg+xml\" alt=\"Vergr\u00f6\u00dfern des Bildes\" title=\"Vergr\u00f6\u00dfern des Bildes\" class=\"&#10;        block&#10;        h-[calc(var(--height)_\/_16_*_1rem)]&#10;        w-[calc(var(--width)_\/_16_*_1rem)]&#10;        max-w-none&#10;        absolute bottom-8 right-8 rounded-4 bg-snow p-8\" decoding=\"async\"\/><\/a><\/p>\n<p>Tierheim-Hund Dieter: Er sucht ein letztes Zuhause. (Quelle: Tierschutz Berlin e.V.)<\/p>\n<p class=\"font-bold text-18 leading-17\">Dieter ist der \u00e4lteste Hund im Berliner Tierheim. Trotz gesundheitlicher Probleme sucht der Senior nach einem ruhigen Platz f\u00fcr seinen Lebensabend.<\/p>\n<p class=\"text-18 leading-17\">Im Tierheim <a class=\"transition-colors duration-200 cursor-pointer text-inherit no-underline text-salemsfur md:hover:text-magenta md:hover:border-magenta md:focus:text-magenta border-current border-b border-solid break-words\" href=\"https:\/\/www.t-online.de\/region\/berlin\/\" data-sctrack=\"BodyAnchor\" rel=\"nofollow noopener\" target=\"_blank\">Berlin<\/a> wartet ein ganz besonderer Hund auf ein neues Zuhause. Dieter ist schon 20 Jahre alt und sucht eine Hospizstelle f\u00fcr seinen Lebensabend. Trotz seines hohen Alters sei Dieter noch recht fit, berichten die Tierpfleger. Manchmal sei er schon etwas &#8222;t\u00fcddelig im Kopf&#8220;, aber &#8222;insgesamt ein lieber Kerl&#8220;. Das Tierheim w\u00fcnscht sich einen ruhigen Platz f\u00fcr den Sch\u00e4ferhund-Mischling, wo er nochmal dazugeh\u00f6ren darf.<\/p>\n<p class=\"text-18 leading-17\">Dieter ben\u00f6tigt beim Einsteigen ins Auto Hilfe und Geduld. Eine Hundebox k\u00f6nne hilfreich sein.<\/p>\n<p class=\"text-18 leading-17\">Interessenten m\u00fcssen keine Angst vor hohen Tierarztkosten haben. Das Tierheim Berlin \u00fcbernimmt weiterhin die medizinische Versorgung in der hauseigenen Praxis. <\/p>\n<p class=\"text-18 leading-17\">Wer Dieter ein Zuhause geben m\u00f6chte, kann sich per E-Mail an krankenstation@tierheim-berlin.de wenden oder das Anfrageformular auf der Tierheim-Website nutzen.<\/p>\n","protected":false},"excerpt":{"rendered":"Sch\u00e4ferhundmischling Dieter \u00c4ltester Berliner Tierheim-Hund hofft auf letztes Zuhause 30.05.2025 &#8211; 15:46 UhrLesedauer: 1 Min. Tierheim-Hund Dieter: Er&hellip;\n","protected":false},"author":2,"featured_media":152367,"comment_status":"","ping_status":"","sticky":false,"template":"","format":"standard","meta":{"footnotes":""},"categories":[1825],"tags":[722,17161,296,29,54033,30,604,28879,2486],"class_list":{"0":"post-152366","1":"post","2":"type-post","3":"status-publish","4":"format-standard","5":"has-post-thumbnail","7":"category-berlin","8":"tag-722","9":"tag-17161","10":"tag-berlin","11":"tag-deutschland","12":"tag-dieter-dieter","13":"tag-germany","14":"tag-hund","15":"tag-lebensabend","16":"tag-tierheim"},"share_on_mastodon":{"url":"https:\/\/pubeurope.com\/@de\/114598631620740133","error":""},"_links":{"self":[{"href":"https:\/\/www.europesays.com\/de\/wp-json\/wp\/v2\/posts\/152366","targetHints":{"allow":["GET"]}}],"collection":[{"href":"https:\/\/www.europesays.com\/de\/wp-json\/wp\/v2\/posts"}],"about":[{"href":"https:\/\/www.europesays.com\/de\/wp-json\/wp\/v2\/types\/post"}],"author":[{"embeddable":true,"href":"https:\/\/www.europesays.com\/de\/wp-json\/wp\/v2\/users\/2"}],"replies":[{"embeddable":true,"href":"https:\/\/www.europesays.com\/de\/wp-json\/wp\/v2\/comments?post=152366"}],"version-history":[{"count":0,"href":"https:\/\/www.europesays.com\/de\/wp-json\/wp\/v2\/posts\/152366\/revisions"}],"wp:featuredmedia":[{"embeddable":true,"href":"https:\/\/www.europesays.com\/de\/wp-json\/wp\/v2\/media\/152367"}],"wp:attachment":[{"href":"https:\/\/www.europesays.com\/de\/wp-json\/wp\/v2\/media?parent=152366"}],"wp:term":[{"taxonomy":"category","embeddable":true,"href":"https:\/\/www.europesays.com\/de\/wp-json\/wp\/v2\/categories?post=152366"},{"taxonomy":"post_tag","embeddable":true,"href":"https:\/\/www.europesays.com\/de\/wp-json\/wp\/v2\/tags?post=152366"}],"curies":[{"name":"wp","href":"https:\/\/api.w.org\/{rel}","templated":true}]}}